{"id":16316,"date":"2014-03-03T22:00:46","date_gmt":"2014-03-03T21:00:46","guid":{"rendered":"http:\/\/www.wumingfoundation.com\/giap\/?p=16316"},"modified":"2014-03-04T13:20:35","modified_gmt":"2014-03-04T12:20:35","slug":"intervista-a-harry-browne-autore-di-the-frontman-bono-nel-nome-del-potere","status":"publish","type":"post","link":"https:\/\/www.wumingfoundation.com\/giap\/2014\/03\/intervista-a-harry-browne-autore-di-the-frontman-bono-nel-nome-del-potere\/","title":{"rendered":"Intervista a Harry Browne, autore di \u00abThe Frontman. Bono (Nel nome del potere)\u00bb"},"content":{"rendered":"<div id=\"attachment_16341\" style=\"width: 510px\" class=\"wp-caption aligncenter\"><img loading=\"lazy\" decoding=\"async\" aria-describedby=\"caption-attachment-16341\" class=\"size-full wp-image-16341\" alt=\"Harry Browne\" src=\"http:\/\/www.wumingfoundation.com\/giap\/wp-content\/uploads\/2014\/03\/Harry-Browne.jpg\" width=\"500\" height=\"281\" \/><p id=\"caption-attachment-16341\" class=\"wp-caption-text\">Harry Browne<\/p><\/div>\n<h5 dir=\"ltr\" style=\"text-align: justify;\">[E&#8217; uscita da pochi giorni in italia <a href=\"http:\/\/www.ilmegafonoquotidiano.it\/libri\/frontman\">l&#8217;inchiesta di <strong>Harry Browne<\/strong><\/a> su filantropia, affari, fandonie e potere di <strong>Bono Vox<\/strong>. Quella che segue \u00e8 la prima intervista italiana all&#8217;autore, in esclusiva per <em>Giap<\/em>. Le domande sono di Wu Ming 1 e <strong>Alberto Prunetti<\/strong> (curatori dell&#8217;edizione italiana) e dello scrittore <strong>Max Mauro<\/strong>. Quest&#8217;ultimo conosce bene Dublino, dove ha vissuto e <a href=\"http:\/\/www.ctmp.ie\/postgraduates.php?id=176\">fatto ricerca<\/a> sulla cultura <em>popular<\/em> e le questioni di razza e classe nelle realt\u00e0 urbane irlandesi. Un suo saggio su &#8220;razzializzazione&#8221; e calcio giovanile in Irlanda \u00e8 incluso <a href=\"http:\/\/www.routledge.com\/books\/details\/9780415725224\/\">in questo libro<\/a>. La traduzione di domande e risposte \u00e8 di WM1.]<br \/>\n<span style=\"color: #ffffff;\">&#8212;<\/span><\/h5>\n<p style=\"text-align: justify;\"><strong>AP. Il tuo libro d\u00e0 un contributo importante a un genere che ha valore anche dal punto di vista narrativo. <em>The Frontman<\/em> \u00e8 una biografia, un saggio, un pamphlet politico, una miscela di tutti questi generi. Come mai hai deciso di impostare la tua scrittura su quest&#8217;ibridazione? Stavi seguendo qualche esempio, forse nella tradizione della pamphlettistica radicale?<\/strong><\/p>\n<p dir=\"ltr\" style=\"text-align: justify;\"><strong>HB.<\/strong> Sono lieto che lo riteniate un contributo importante! La cornice concettuale e di genere di <em>The Frontman<\/em> si deve a Verso, la casa editrice britannica, che pubblica la collana <a href=\"http:\/\/www.versobooks.com\/series_collections\/28-counterblasts\">&#8220;Counterblasts&#8221;<\/a>. L&#8217;idea di fondo della collana \u00e8 rivitalizzare la tradizione del pamphlet tipica del diciassettesimo e diciottesimo secolo, con libri dedicati a singoli personaggi, che sono saggi biografici duri e polemici in forma di pamphlet estesi. O, per usare un&#8217;espressione vernacolare del XXI secolo, sono dei &#8220;<em>takedown<\/em>&#8220;.<!--more--> Io ero gi\u00e0 abituato ai <em>takedown<\/em> di un migliaio di parole, ne avevo scritti a dozzine su varie pubblicazioni, e alcuni riguardavano gi\u00e0 Bono, ma sono rimasto sorpreso quando da Verso mi hanno fatto sapere che dovevo scrivere un &#8220;pamphlet&#8221; di settantamila parole! Mentre lo scrivevo, comunque, non avevo consapevolezza di quali generi stessi usando o di come li stessi miscelando. Per gran parte del tempo, ero concentrato sullo scrivere un &#8220;libro di fatti&#8221; pi\u00f9 che una polemica, un serbatoio di fatti veri che anche gente di opinioni diverse avrebbe trovato difficile confutare.<\/p>\n<div id=\"attachment_16328\" style=\"width: 510px\" class=\"wp-caption aligncenter\"><img loading=\"lazy\" decoding=\"async\" aria-describedby=\"caption-attachment-16328\" class=\"size-full wp-image-16328\" alt=\"Bono, Briatore e l'altro non sappiamo chi sia\" src=\"http:\/\/www.wumingfoundation.com\/giap\/wp-content\/uploads\/2014\/03\/flavio-bono.jpg\" width=\"500\" height=\"402\" \/><p id=\"caption-attachment-16328\" class=\"wp-caption-text\">In guerra contro la povert\u00e0.<\/p><\/div>\n<p style=\"text-align: justify;\"><strong>WM1. Ci sembra che da diversi mesi Bono stia rispondendo a <em>The Frontman<\/em>\u00a0senza mai nominare il libro. Le sue prediche e interviste pi\u00f9 recenti sono piene zeppe di <em>excusationes non petitae.<\/em>\u00a0Le sue spiegazioni su quanto bene ha fatto suonano come risposte a domande che i giornalisti gli fanno di rado ma che sono state il punto di partenza per il tuo libro. E&#8217; corretto?<\/strong><\/p>\n<p dir=\"ltr\" style=\"text-align: justify;\"><strong>HB.<\/strong> Penso di s\u00ec.\u00a0Va detto che io non sono il primo autore ad aver scritto certe cose su Bono, ma probabilmente \u00e8 vero che il libro e la visibilit\u00e0 che ha avuto gli hanno fatto capire che doveva pur rispondere, o almeno provarci, o almeno dare l&#8217;idea di farlo. L&#8217;esempio pi\u00f9 vistoso \u00e8 un&#8217;intervista su <em>The Observer<\/em> del settembre scorso, dove, senza esplicitare il prestito, gi\u00e0 nella titolazione si riprendeva la parola &#8220;potere&#8221; direttamente dal sottotitolo del mio libro. \u00abBono: c&#8217;\u00e8 differenza tra ingraziarsi il potere ed essere vicini al potere\u00bb. Nei commenti sotto il post, l&#8217;autore dell&#8217;intervista (che ci era andato molto leggero), ha ammesso &#8211; in tono spregiativo &#8211; di aver letto <em>The Frontman<\/em>. Ma Bono \u00e8 andato pi\u00f9 vicino a menzionare il libro di quanto abbia fatto il giornalista! Nessuno dei due, comunque, ha affrontato o risposto davvero alle critiche principali.<\/p>\n<div id=\"attachment_16330\" style=\"width: 510px\" class=\"wp-caption aligncenter\"><img loading=\"lazy\" decoding=\"async\" aria-describedby=\"caption-attachment-16330\" class=\"size-full wp-image-16330\" alt=\"Uomini di pace. George W. Bush e Bono\" src=\"http:\/\/www.wumingfoundation.com\/giap\/wp-content\/uploads\/2014\/03\/bush2bono.jpg\" width=\"500\" height=\"363\" \/><p id=\"caption-attachment-16330\" class=\"wp-caption-text\">Uomini di pace.<\/p><\/div>\n<p style=\"text-align: justify;\"><strong>WM1. Nel tuo libro fai un ritratto molto duro dei media mainstream irlandesi, li descrivi pi\u00f9 o meno come una servizievole schiera di leccaculi, sempre pronti a guardare Bono e gli U2 attraverso lenti rosa. Qual \u00e8 stata la loro reazione al libro?<\/strong><\/p>\n<p style=\"text-align: justify;\"><strong>HB.<\/strong>\u00a0Ci sono state reazioni diverse. Intanto, nessun importante organo di stampa irlandese mi ha intervistato. Io non ci avevo fatto caso, poi sono andato in Spagna e in Messico a promuovere l&#8217;edizione in spagnolo, e <em>tutti<\/em> i giornali e periodici pi\u00f9 importanti mi hanno intervistato! I due giornali pi\u00f9 influenti d&#8217;Irlanda hanno stroncato il libro (senza far presente che dentro li avevo criticati), ma nemmeno gli autori di quelle stroncature hanno difeso in toto Bono: hanno dovuto riconoscere (vista la diffusa antipatia popolare nei suoi confronti) che criticare Bono \u00e8 giusto, ma hanno aggiunto che il mio particolare modo di criticarlo non andava bene, per via delle mie opinioni politiche o del mio presunto &#8220;fanatismo&#8221; [<a href=\"http:\/\/www.europaquotidiano.it\/2014\/03\/02\/the-frontman-il-libro-che-fa-a-pezzi-bono-perche-non-e-lenin\/\">Tutto il mondo \u00e8 Belpaese<\/a>, N.d.T.]. Resta il fatto che quei giornali, e anche altri, Bono lo criticano di rado.<\/p>\n<div id=\"attachment_16333\" style=\"width: 510px\" class=\"wp-caption aligncenter\"><img loading=\"lazy\" decoding=\"async\" aria-describedby=\"caption-attachment-16333\" class=\"size-full wp-image-16333\" alt=\"Uomini di pace. Bono e Tony Blair nel 2008.\" src=\"http:\/\/www.wumingfoundation.com\/giap\/wp-content\/uploads\/2014\/03\/bonoblair.jpg\" width=\"500\" height=\"595\" \/><p id=\"caption-attachment-16333\" class=\"wp-caption-text\">Uomini di pace. Bono e Tony Blair nel 2008.<\/p><\/div>\n<p style=\"text-align: justify;\"><strong>WM1. Puoi spiegare ai nostri lettori che non hanno ancora letto <em>The Frontman<\/em> come mai la stampa irlandese \u00e8 cos\u00ec reverente nei confronti di Bono, mentre nella societ\u00e0 \u00e8 spesso bersaglio di derisione e satira? E&#8217; solo perch\u00e9 \u00e8 un pilastro dell&#8217;establishment, o c&#8217;\u00e8 una ragione culturale pi\u00f9 profonda?\u00a0<\/strong><\/p>\n<p style=\"text-align: justify;\"><strong>HB.<\/strong> In generale, bisogna almeno che una persona ricca e influente venga condannata per un crimine prima che i media irlandesi decidano di parlarne con un po&#8217; di spina dorsale. E&#8217; probabilmente cos\u00ec in molti paesi, ma in un posto piccolo come Dublino l&#8217;effetto \u00e8 ingrandito. Alcuni esponenti dell&#8217;alta societ\u00e0 irlandese mi hanno detto, in privato, che hanno adorato il libro ma non possono dichiararlo in pubblico. Una qualsiasi conversazione da pub a qualunque livello della societ\u00e0 irlandese \u00e8 molto, molto pi\u00f9 corrosiva di <em>The Frontman<\/em>, ma l&#8217;Irlanda ha un&#8217;antica tradizione di gossip che prospera sulla (e si crogiola nella) differenza tra quel che si dice in privato e quel che si pubblica. Per quanto riguarda Bono, va aggiunto che lui e gli U2 sono il pi\u00f9 famoso prodotto da esportazione del paese dopo la Guinness. Quindi, c&#8217;\u00e8 un certo perverso orgoglio nel tenere per noi i nostri peccati. Detto questo, molto del materiale che ho usato in <em>The Frontman<\/em> \u00e8 tratto da fonti pubblicate, e alcune erano irlandesi!<\/p>\n<div id=\"attachment_16325\" style=\"width: 510px\" class=\"wp-caption aligncenter\"><img loading=\"lazy\" decoding=\"async\" aria-describedby=\"caption-attachment-16325\" class=\"size-full wp-image-16325\" alt=\"I Pitstop Ploughshares\" src=\"http:\/\/www.wumingfoundation.com\/giap\/wp-content\/uploads\/2014\/03\/pitstop_ploughshares1.jpg\" width=\"500\" height=\"383\" \/><p id=\"caption-attachment-16325\" class=\"wp-caption-text\">I Pitstop Ploughshares. Processati per aver sabotato la guerra di Bush e Blair.<\/p><\/div>\n<p style=\"text-align: justify;\"><strong>MM. Quello che hai detto sul criticare Bono in privato ma non in pubblico risolleva un&#8217;annosa questione: la mancanza di pubblico dissenso nell&#8217;Irlanda contemporanea e postcoloniale. Mi sembra che, sotto questo aspetto, tu sia uno dei pochi ad andare controcorrente. Nel tuo libro precedente, <a href=\"http:\/\/www.akpress.org\/hammeredbytheirishakpress.html\"><em>Hammered by the Irish<\/em><\/a>, hai raccontato la storia dei <a href=\"http:\/\/en.wikipedia.org\/wiki\/Pitstop_Ploughshares\">Pitstop Ploughshares<\/a>, cinque pacifisti irlandesi che nel 2003 hanno causato un danno da due milioni e mezzo di dollari alle forze militari USA. Si dice che, per via del tuo esplicito appoggio al movimento contro la guerra, tu abbia perso la tua rubrica sull&#8217;<em>Irish Times<\/em>. Adesso prendi un&#8217;icona nazionale e ne fai a pezzi l&#8217;immagine.\u00a0Mi chiedo se la tua libert\u00e0 intellettuale e la tua audacia abbiano qualcosa a che fare con <a href=\"http:\/\/www.rte.ie\/tv\/fleshandblood\/harrybrowne.html\">la tua biografia<\/a>: sei nato in Italia da un prete cattolico [padre Harry J. Browne] e una femminista e docente universitaria [Flavia Alaya], sei cresciuto negli USA e sei &#8220;emigrato&#8221; in Irlanda quand&#8217;eri gi\u00e0 adulto. Ti senti mai un outsider?<\/strong><\/p>\n<p style=\"text-align: justify;\"><strong>HB.<\/strong> Comincio dalla parte finale della domanda: di certo non mi sento mai un <em>insider<\/em>! La storia della mia vita contiene molti elementi che influenzano questa condizione, e naturalmente c&#8217;entrano anche gli spostamenti geografici. Per esempio, io ero uno dei pochissimi ragazzini &#8220;bianchi&#8221; in un quartiere tutto nero e <em>latino<\/em> di Paterson, New Jersey, poi sono andato all&#8217;universit\u00e0 in un college d&#8217;\u00e9lite dove ero il primo a provenire dalla mia scuola. Detto ci\u00f2, non sono eccezionalmente audace, n\u00e9 mi sento solo. Sono una voce tra tante in Irlanda che, sebbene trascurate dal mainstream, fanno sentire forte il loro dissenso. Non credo che qui in Irlanda siamo pi\u00f9 messi a tacere che in altri paesi: raramente passa un mese senza una mia intervista in TV o alla radio. Certo, il mio percorso l&#8217;ho scelto, ma \u00e8 dipeso anche molto dal caso. Per esempio, i due libri sono nati da inviti che sentivo di non poter &#8211; o dover &#8211; rifiutare. L&#8217;esempio dell&#8217;attivismo dei miei genitori ce l&#8217;ho sicuramente in testa, da qualche parte, a ricordarmi cos&#8217;\u00e8 importante. Sono abbastanza fortunato da avere un buon lavoro e la libert\u00e0 che ne deriva. Uno dei Pitstop Ploughshares diceva spesso che il vero significato della parola \u00ab<em>respons-abilit\u00e0<\/em>\u00bb\u00a0\u00e8 \u00abcapacit\u00e0 di rispondere\u00bb. La mia posizione privilegiata mi d\u00e0 un po&#8217; di questa capacit\u00e0, pi\u00f9 di quanta possano averne molte persone in questo mondo di crudelt\u00e0 e precariet\u00e0. Disprezzerei me stesso (ed \u00e8 dir poco!)\u00a0se non ne facessi uso.<\/p>\n<div id=\"attachment_16322\" style=\"width: 510px\" class=\"wp-caption aligncenter\"><img loading=\"lazy\" decoding=\"async\" aria-describedby=\"caption-attachment-16322\" class=\"size-full wp-image-16322 \" alt=\"Stephan Schmidheiny\" src=\"http:\/\/www.wumingfoundation.com\/giap\/wp-content\/uploads\/2014\/03\/Schmideiny.jpg\" width=\"500\" height=\"375\" \/><p id=\"caption-attachment-16322\" class=\"wp-caption-text\">Stephan Schmidheiny<\/p><\/div>\n<p style=\"text-align: justify;\"><strong>AP. Il tuo libro non \u00e8 solo su Bono, ma su tutto lo spettacolo della filantropia. Di recente, uno degli uomini pi\u00f9 ricchi d&#8217;Europa, il miliardario svizzero <a href=\"http:\/\/it.wikipedia.org\/wiki\/Stephan_Schmidheiny\">Stephan Schmidheiny<\/a>, \u00e8 stato condannato in Italia per la morte di 3000 lavoratori e cittadini esposti alle fibre di amianto dentro e intorno alle sue fabbriche. In giro per il mondo, Schmidheiny \u00e8 ben conosciuto e rispettato in quanto filantropo. Non solo: un&#8217;universit\u00e0 americana gli ha dato una laurea honoris causa per il suo presunto impegno a favore dell&#8217;ambiente. In Italia lo hanno giudicato colpevole di disastro ambientale. Cos&#8217;\u00e8 che spinge questi ricchi bast&#8230; ehm, individui? La loro filantropia serve solo a lavarsi la coscienza? Oppure, difendendo questa o quella causa, diventano ancora pi\u00f9 ricchi? Pensi che il capitalismo abbia un bisogno sistemico di filantropia?<\/strong><\/p>\n<p style=\"text-align: justify;\"><strong>HB. <\/strong>E&#8217; un&#8217;ottima e difficile domanda, alla quale sarei tentato di rispondere, semplicemente, \u00abS\u00ec\u00bb. Ma cercher\u00f2 di dire qualcosa di pi\u00f9! Ovviamente, la filantropia ha una lunga storia, \u00e8 pi\u00f9 vecchia del capitalismo, e penso che vi sia un elemento di quello che Peter Buffett, figlio del &#8220;grande filantropo&#8221; Warren, chiama \u00abriciclaggio di coscienza sporca\u00bb. Ma il fenomeno neoliberista del \u00abfilantro-capitalismo\u00bb\u00a0va ben oltre: i i filantro-capitalisti sostengono che i processi di accumulazione di ricchezza, da un lato, \u00a0e la beneficenza dall&#8217;altro, in realt\u00e0 siano intrinsecamente collegati, non solo in sequenza (diventa ricco, poi dona qualcosa), ma in modo organico: prosperare facendo del bene.\u00a0Buffett ha scritto di come gli enti di beneficenza vengano incoraggiati a parlare del loro \u00abritorno sugli investimenti\u00bb. Questo progetto ideologico, naturalmente, va oltre l&#8217;auto-giustificazione dei ricchi bast&#8230; ehm, individui. E&#8217; un discorso egemonico, un insistere sul fatto che non c&#8217;\u00e8 alternativa a questo mondo che \u00e8 non-proprio-il-migliore-ma-\u00e8-in-rapido-miglioramento dei mondi possibili. Bono, quando proprio vuole sembrare radicale, al massimo dice qualcosa tipo: \u00a0\u00abA volte mi piacerebbe che ci fosse un&#8217;alternativa al capitalismo\u00bb. Il che equivale a negare ogni possibilit\u00e0 di vero cambiamento. E anche in quel caso, torner\u00e0 subito al suo argomento centrale: che non c&#8217;\u00e8 motivo di attaccare, o anche solo ridimensionare, il potere dei ricchi autocrati, perch\u00e9 saranno proprio loro a salvare i poveri.<\/p>\n<div id=\"attachment_16336\" style=\"width: 510px\" class=\"wp-caption aligncenter\"><img loading=\"lazy\" decoding=\"async\" aria-describedby=\"caption-attachment-16336\" class=\"size-full wp-image-16336\" alt=\"Bono, Trimble e Hume\" src=\"http:\/\/www.wumingfoundation.com\/giap\/wp-content\/uploads\/2014\/03\/Trimble_Hume_Bono.jpg\" width=\"500\" height=\"281\" \/><p id=\"caption-attachment-16336\" class=\"wp-caption-text\">Per via di quest&#8217;unica foto dove stringe la mano a due politici destinati all&#8217;irrilevanza, da tre lustri Bono racconta di essere stato uno dei protagonisti del processo di pace in Irlanda del Nord. The Frontman racconta anche la storia di questa foto e il suo vero significato.<\/p><\/div>\n<p dir=\"ltr\" style=\"text-align: justify;\"><strong>MM. &#8220;Politicamente&#8221; parlando, Bono \u00e8 stato pi\u00f9 attivo a livello globale che in Irlanda. Una delle poche eccezioni, mi sembra, fu quando si occup\u00f2 delle tensioni in Irlanda del Nord. Tu, per\u00f2, critichi Bono per le sue posizioni di condanna della sola IRA. Puoi spiegarci perch\u00e9 pensi che sbagli\u00f2 a muoversi come fece? Avrebbe potuto fare diversamente, visto cos&#8217;erano e sono gli U2 (per la &#8220;pace&#8221;, per il papa ecc.)?<\/strong><\/p>\n<p style=\"text-align: justify;\"><strong>HB.<\/strong> In <em>The Frontman<\/em>, le critiche alla posizione di Bono sull&#8217;Irlanda del Nord riguardano due periodi distinti: la prima met\u00e0 degli anni Ottanta, quando erano in corso i Disordini, e la seconda met\u00e0 degli anni Novanta, durante il processo di pace seguito al cessate-il-fuoco.<br \/>\nPer prima cosa, gli anni Ottanta: anche se gli U2 erano &#8220;per la pace&#8221; (chi non lo \u00e8?), all&#8217;epoca non erano particolarmente &#8220;per il papa&#8221;, e non solo perch\u00e9 erano in gran parte protestanti! Influenzati dalla teologia della liberazione, simpatizzavano con movimenti rivoluzionari in America centrale e Sudafrica. Ma quando si trattava di esprimersi su quel che accadeva vicino a casa, avevano le stesse posizioni dell&#8217;establishment britannico e di quello irlandese, cio\u00e8: condanna solo per la violenza irlandese-repubblicana, silenzio sulle sue cause e sul ruolo stragista dello stato, persino quando, come nel caso di <em>Sunday Bloody Sunday<\/em>, usavano il nome di una strage di stato!<br \/>\nMi ha un po&#8217; stupito che qualcuno se la sia presa con <em>The Frontman<\/em> per aver fatto notare questo. La storia degli anni seguenti ha provato, a detta di quasi tutti, che la strada da percorrere era il dialogo inclusivo, non certo la demonizzazione unilaterale. Anzi, oggi i politici e opinionisti irlandesi si vantano spesso di avere un modello da esportazione di processo di pace inclusivo. Io ho ricordato che una volta non la pensavano affatto cos\u00ec, e la cosa non gli fa piacere. Ci furono eccezioni, naturalmente, persone che aiutarono ad aprire la via per la pace, ma \u00e8 del tutto normale che Bono non sia stato tra queste! Certo, come dico nel libro, in una cosa si \u00e8 dimostrato leggermente migliore di altri personaggi dell&#8217;establishment: di recente, parlando di come ex-membri dell&#8217;IRA partecipavano con successo al governo dell&#8217;Irlanda del Nord,\u00a0ha avuto la decenza di dirsi imbarazzato per il senso di superiorit\u00e0 morale che aveva da giovane.<br \/>\nQuesto, per\u00f2, non scusa i suoi vergognosi e fuorvianti proclami sul ruolo che ebbe nel processo di pace degli anni Novanta. Come spiego nel libro, la sua partecipazione si limit\u00f2 a una banale <em>photo-opportunity<\/em> poco prima del referendum del 1998 sul cosiddetto &#8220;Accordo del Venerd\u00ec Santo&#8221;. Negli anni a seguire, lui e The Edge hanno detto che quella foto risolse una delicata situazione di stallo e convinse la gente a votare S\u00ec. Puro nonsense: tutti sapevano che il S\u00ec avrebbe vinto, e il margine di vittoria nel Nord fu superiore al 40%. Questo \u00e8 uno dei peggiori esempi di come Bono ingigantisca il proprio ruolo, e una delle cose che pi\u00f9 mi ha fatto arrabbiare mentre facevo le ricerche per <em>The Frontman<\/em>.<\/p>\n<p style=\"text-align: center;\"><a href=\"http:\/\/www.wumingfoundation.com\/italiano\/Alegre-the-frontman-cover-1.pdf\"><img loading=\"lazy\" decoding=\"async\" class=\"aligncenter\" alt=\"Copertina di The Frontman\" src=\"http:\/\/www.wumingfoundation.com\/giap\/wp-content\/uploads\/2014\/02\/frontman_cover.jpg\" width=\"468\" height=\"749\" \/><\/a><\/p>\n<p style=\"text-align: justify;\"><a href=\"http:\/\/www.ilmegafonoquotidiano.it\/libri\/frontman\"><em>The Frontman<\/em> \u00e8 pubblicato da Alegre<\/a>, edizione italiana a cura di <strong>Wu Ming 1<\/strong> e <strong>Alberto Prunetti<\/strong>.<\/p>\n<p style=\"text-align: justify;\">Harry Browne presenter\u00e0 <em>The Frontman<\/em> a <strong>Roma<\/strong>\u00a0durante la Festa di Letteraria (5-7 giugno).<\/p>\n<p>[Gi\u00e0 che ci siamo, anticipiamo che durante la stessa festa noi presenteremo <em>L&#8217;Armata dei Sonnambuli<\/em>. Dettagli a seguire.]<\/p>\n","protected":false},"excerpt":{"rendered":"[E&#8217; uscita da pochi giorni in italia l&#8217;inchiesta di Harry Browne su filantropia, affari, fandonie e potere di Bono Vox. Quella che segue \u00e8 la prima intervista italiana all&#8217;autore, in esclusiva per Giap. Le domande sono di Wu Ming 1 e Alberto Prunetti (curatori dell&#8217;edizione italiana) e dello scrittore Max Mauro. Quest&#8217;ultimo conosce bene Dublino, [&hellip;]","protected":false},"author":1,"featured_media":16341,"comment_status":"closed","ping_status":"open","sticky":false,"template":"","format":"standard","meta":{"footnotes":""},"categories":[1943,55],"tags":[1616,2042,1491,2028,2023],"class_list":["post-16316","post","type-post","status-publish","format-standard","has-post-thumbnail","hentry","category-inchieste","category-personaggi","tag-alberto-prunetti","tag-bono","tag-edizioni-alegre","tag-harry-browne","tag-the-frontman"],"yoast_head":"<!-- This site is optimized with the Yoast SEO plugin v27.4 - https:\/\/yoast.com\/product\/yoast-seo-wordpress\/ -->\n<title>Intervista a Harry Browne, autore di \u00abThe Frontman. Bono (Nel nome del potere)\u00bb - Giap<\/title>\n<meta name=\"robots\" content=\"index, follow, max-snippet:-1, max-image-preview:large, max-video-preview:-1\" \/>\n<link rel=\"canonical\" href=\"https:\/\/www.wumingfoundation.com\/giap\/2014\/03\/intervista-a-harry-browne-autore-di-the-frontman-bono-nel-nome-del-potere\/\" \/>\n<meta property=\"og:locale\" content=\"it_IT\" \/>\n<meta property=\"og:type\" content=\"article\" \/>\n<meta property=\"og:title\" content=\"Intervista a Harry Browne, autore di \u00abThe Frontman. Bono (Nel nome del potere)\u00bb - Giap\" \/>\n<meta property=\"og:description\" content=\"[E&#8217; uscita da pochi giorni in italia l&#8217;inchiesta di Harry Browne su filantropia, affari, fandonie e potere di Bono Vox. Quella che segue \u00e8 la prima intervista italiana all&#8217;autore, in esclusiva per Giap. Le domande sono di Wu Ming 1 e Alberto Prunetti (curatori dell&#8217;edizione italiana) e dello scrittore Max Mauro. Quest&#8217;ultimo conosce bene Dublino, [&hellip;]\" \/>\n<meta property=\"og:url\" content=\"https:\/\/www.wumingfoundation.com\/giap\/2014\/03\/intervista-a-harry-browne-autore-di-the-frontman-bono-nel-nome-del-potere\/\" \/>\n<meta property=\"og:site_name\" content=\"Giap\" \/>\n<meta property=\"article:published_time\" content=\"2014-03-03T21:00:46+00:00\" \/>\n<meta property=\"article:modified_time\" content=\"2014-03-04T12:20:35+00:00\" \/>\n<meta property=\"og:image\" content=\"https:\/\/www.wumingfoundation.com\/giap\/wp-content\/uploads\/2014\/03\/Harry-Browne.jpg\" \/>\n\t<meta property=\"og:image:width\" content=\"500\" \/>\n\t<meta property=\"og:image:height\" content=\"281\" \/>\n\t<meta property=\"og:image:type\" content=\"image\/jpeg\" \/>\n<meta name=\"author\" content=\"Wu Ming\" \/>\n<meta name=\"twitter:card\" content=\"summary_large_image\" \/>\n<meta name=\"twitter:creator\" content=\"@Wu_Ming_Foundt\" \/>\n<meta name=\"twitter:site\" content=\"@Wu_Ming_Foundt\" \/>\n<meta name=\"twitter:label1\" content=\"Scritto da\" \/>\n\t<meta name=\"twitter:data1\" content=\"Wu Ming\" \/>\n\t<meta name=\"twitter:label2\" content=\"Tempo di lettura stimato\" \/>\n\t<meta name=\"twitter:data2\" content=\"12 minuti\" \/>\n<script type=\"application\/ld+json\" class=\"yoast-schema-graph\">{\"@context\":\"https:\\\/\\\/schema.org\",\"@graph\":[{\"@type\":\"Article\",\"@id\":\"https:\\\/\\\/www.wumingfoundation.com\\\/giap\\\/2014\\\/03\\\/intervista-a-harry-browne-autore-di-the-frontman-bono-nel-nome-del-potere\\\/#article\",\"isPartOf\":{\"@id\":\"https:\\\/\\\/www.wumingfoundation.com\\\/giap\\\/2014\\\/03\\\/intervista-a-harry-browne-autore-di-the-frontman-bono-nel-nome-del-potere\\\/\"},\"author\":{\"name\":\"Wu Ming\",\"@id\":\"https:\\\/\\\/www.wumingfoundation.com\\\/giap\\\/#\\\/schema\\\/person\\\/881b1c925aaf48fe6eb5c3970be4458f\"},\"headline\":\"Intervista a Harry Browne, autore di \u00abThe Frontman. Bono (Nel nome del potere)\u00bb\",\"datePublished\":\"2014-03-03T21:00:46+00:00\",\"dateModified\":\"2014-03-04T12:20:35+00:00\",\"mainEntityOfPage\":{\"@id\":\"https:\\\/\\\/www.wumingfoundation.com\\\/giap\\\/2014\\\/03\\\/intervista-a-harry-browne-autore-di-the-frontman-bono-nel-nome-del-potere\\\/\"},\"wordCount\":2402,\"image\":{\"@id\":\"https:\\\/\\\/www.wumingfoundation.com\\\/giap\\\/2014\\\/03\\\/intervista-a-harry-browne-autore-di-the-frontman-bono-nel-nome-del-potere\\\/#primaryimage\"},\"thumbnailUrl\":\"https:\\\/\\\/www.wumingfoundation.com\\\/giap\\\/wp-content\\\/uploads\\\/2014\\\/03\\\/Harry-Browne.jpg\",\"keywords\":[\"Alberto Prunetti\",\"Bono\",\"Edizioni Alegre\",\"Harry Browne\",\"The Frontman\"],\"articleSection\":[\"Inchieste\",\"Personaggi\"],\"inLanguage\":\"it-IT\"},{\"@type\":\"WebPage\",\"@id\":\"https:\\\/\\\/www.wumingfoundation.com\\\/giap\\\/2014\\\/03\\\/intervista-a-harry-browne-autore-di-the-frontman-bono-nel-nome-del-potere\\\/\",\"url\":\"https:\\\/\\\/www.wumingfoundation.com\\\/giap\\\/2014\\\/03\\\/intervista-a-harry-browne-autore-di-the-frontman-bono-nel-nome-del-potere\\\/\",\"name\":\"Intervista a Harry Browne, autore di \u00abThe Frontman. Bono (Nel nome del potere)\u00bb - Giap\",\"isPartOf\":{\"@id\":\"https:\\\/\\\/www.wumingfoundation.com\\\/giap\\\/#website\"},\"primaryImageOfPage\":{\"@id\":\"https:\\\/\\\/www.wumingfoundation.com\\\/giap\\\/2014\\\/03\\\/intervista-a-harry-browne-autore-di-the-frontman-bono-nel-nome-del-potere\\\/#primaryimage\"},\"image\":{\"@id\":\"https:\\\/\\\/www.wumingfoundation.com\\\/giap\\\/2014\\\/03\\\/intervista-a-harry-browne-autore-di-the-frontman-bono-nel-nome-del-potere\\\/#primaryimage\"},\"thumbnailUrl\":\"https:\\\/\\\/www.wumingfoundation.com\\\/giap\\\/wp-content\\\/uploads\\\/2014\\\/03\\\/Harry-Browne.jpg\",\"datePublished\":\"2014-03-03T21:00:46+00:00\",\"dateModified\":\"2014-03-04T12:20:35+00:00\",\"author\":{\"@id\":\"https:\\\/\\\/www.wumingfoundation.com\\\/giap\\\/#\\\/schema\\\/person\\\/881b1c925aaf48fe6eb5c3970be4458f\"},\"breadcrumb\":{\"@id\":\"https:\\\/\\\/www.wumingfoundation.com\\\/giap\\\/2014\\\/03\\\/intervista-a-harry-browne-autore-di-the-frontman-bono-nel-nome-del-potere\\\/#breadcrumb\"},\"inLanguage\":\"it-IT\",\"potentialAction\":[{\"@type\":\"ReadAction\",\"target\":[\"https:\\\/\\\/www.wumingfoundation.com\\\/giap\\\/2014\\\/03\\\/intervista-a-harry-browne-autore-di-the-frontman-bono-nel-nome-del-potere\\\/\"]}]},{\"@type\":\"ImageObject\",\"inLanguage\":\"it-IT\",\"@id\":\"https:\\\/\\\/www.wumingfoundation.com\\\/giap\\\/2014\\\/03\\\/intervista-a-harry-browne-autore-di-the-frontman-bono-nel-nome-del-potere\\\/#primaryimage\",\"url\":\"https:\\\/\\\/www.wumingfoundation.com\\\/giap\\\/wp-content\\\/uploads\\\/2014\\\/03\\\/Harry-Browne.jpg\",\"contentUrl\":\"https:\\\/\\\/www.wumingfoundation.com\\\/giap\\\/wp-content\\\/uploads\\\/2014\\\/03\\\/Harry-Browne.jpg\",\"width\":500,\"height\":281,\"caption\":\"Harry Browne\"},{\"@type\":\"BreadcrumbList\",\"@id\":\"https:\\\/\\\/www.wumingfoundation.com\\\/giap\\\/2014\\\/03\\\/intervista-a-harry-browne-autore-di-the-frontman-bono-nel-nome-del-potere\\\/#breadcrumb\",\"itemListElement\":[{\"@type\":\"ListItem\",\"position\":1,\"name\":\"Home\",\"item\":\"https:\\\/\\\/www.wumingfoundation.com\\\/giap\\\/\"},{\"@type\":\"ListItem\",\"position\":2,\"name\":\"Intervista a Harry Browne, autore di \u00abThe Frontman. Bono (Nel nome del potere)\u00bb\"}]},{\"@type\":\"WebSite\",\"@id\":\"https:\\\/\\\/www.wumingfoundation.com\\\/giap\\\/#website\",\"url\":\"https:\\\/\\\/www.wumingfoundation.com\\\/giap\\\/\",\"name\":\"Giap\",\"description\":\"Il sito ufficiale di Wu Ming, collettivo di scrittori\",\"potentialAction\":[{\"@type\":\"SearchAction\",\"target\":{\"@type\":\"EntryPoint\",\"urlTemplate\":\"https:\\\/\\\/www.wumingfoundation.com\\\/giap\\\/?s={search_term_string}\"},\"query-input\":{\"@type\":\"PropertyValueSpecification\",\"valueRequired\":true,\"valueName\":\"search_term_string\"}}],\"inLanguage\":\"it-IT\"},{\"@type\":\"Person\",\"@id\":\"https:\\\/\\\/www.wumingfoundation.com\\\/giap\\\/#\\\/schema\\\/person\\\/881b1c925aaf48fe6eb5c3970be4458f\",\"name\":\"Wu Ming\",\"image\":{\"@type\":\"ImageObject\",\"inLanguage\":\"it-IT\",\"@id\":\"https:\\\/\\\/secure.gravatar.com\\\/avatar\\\/1f49001124f0d5b3aeb1d387dbd89e7b48de4c5c15539460ec1c154566c1723c?s=96&d=blank&r=g\",\"url\":\"https:\\\/\\\/secure.gravatar.com\\\/avatar\\\/1f49001124f0d5b3aeb1d387dbd89e7b48de4c5c15539460ec1c154566c1723c?s=96&d=blank&r=g\",\"contentUrl\":\"https:\\\/\\\/secure.gravatar.com\\\/avatar\\\/1f49001124f0d5b3aeb1d387dbd89e7b48de4c5c15539460ec1c154566c1723c?s=96&d=blank&r=g\",\"caption\":\"Wu Ming\"}}]}<\/script>\n<!-- \/ Yoast SEO plugin. -->","yoast_head_json":{"title":"Intervista a Harry Browne, autore di \u00abThe Frontman. Bono (Nel nome del potere)\u00bb - Giap","robots":{"index":"index","follow":"follow","max-snippet":"max-snippet:-1","max-image-preview":"max-image-preview:large","max-video-preview":"max-video-preview:-1"},"canonical":"https:\/\/www.wumingfoundation.com\/giap\/2014\/03\/intervista-a-harry-browne-autore-di-the-frontman-bono-nel-nome-del-potere\/","og_locale":"it_IT","og_type":"article","og_title":"Intervista a Harry Browne, autore di \u00abThe Frontman. Bono (Nel nome del potere)\u00bb - Giap","og_description":"[E&#8217; uscita da pochi giorni in italia l&#8217;inchiesta di Harry Browne su filantropia, affari, fandonie e potere di Bono Vox. Quella che segue \u00e8 la prima intervista italiana all&#8217;autore, in esclusiva per Giap. Le domande sono di Wu Ming 1 e Alberto Prunetti (curatori dell&#8217;edizione italiana) e dello scrittore Max Mauro. Quest&#8217;ultimo conosce bene Dublino, [&hellip;]","og_url":"https:\/\/www.wumingfoundation.com\/giap\/2014\/03\/intervista-a-harry-browne-autore-di-the-frontman-bono-nel-nome-del-potere\/","og_site_name":"Giap","article_published_time":"2014-03-03T21:00:46+00:00","article_modified_time":"2014-03-04T12:20:35+00:00","og_image":[{"width":500,"height":281,"url":"https:\/\/www.wumingfoundation.com\/giap\/wp-content\/uploads\/2014\/03\/Harry-Browne.jpg","type":"image\/jpeg"}],"author":"Wu Ming","twitter_card":"summary_large_image","twitter_creator":"@Wu_Ming_Foundt","twitter_site":"@Wu_Ming_Foundt","twitter_misc":{"Scritto da":"Wu Ming","Tempo di lettura stimato":"12 minuti"},"schema":{"@context":"https:\/\/schema.org","@graph":[{"@type":"Article","@id":"https:\/\/www.wumingfoundation.com\/giap\/2014\/03\/intervista-a-harry-browne-autore-di-the-frontman-bono-nel-nome-del-potere\/#article","isPartOf":{"@id":"https:\/\/www.wumingfoundation.com\/giap\/2014\/03\/intervista-a-harry-browne-autore-di-the-frontman-bono-nel-nome-del-potere\/"},"author":{"name":"Wu Ming","@id":"https:\/\/www.wumingfoundation.com\/giap\/#\/schema\/person\/881b1c925aaf48fe6eb5c3970be4458f"},"headline":"Intervista a Harry Browne, autore di \u00abThe Frontman. Bono (Nel nome del potere)\u00bb","datePublished":"2014-03-03T21:00:46+00:00","dateModified":"2014-03-04T12:20:35+00:00","mainEntityOfPage":{"@id":"https:\/\/www.wumingfoundation.com\/giap\/2014\/03\/intervista-a-harry-browne-autore-di-the-frontman-bono-nel-nome-del-potere\/"},"wordCount":2402,"image":{"@id":"https:\/\/www.wumingfoundation.com\/giap\/2014\/03\/intervista-a-harry-browne-autore-di-the-frontman-bono-nel-nome-del-potere\/#primaryimage"},"thumbnailUrl":"https:\/\/www.wumingfoundation.com\/giap\/wp-content\/uploads\/2014\/03\/Harry-Browne.jpg","keywords":["Alberto Prunetti","Bono","Edizioni Alegre","Harry Browne","The Frontman"],"articleSection":["Inchieste","Personaggi"],"inLanguage":"it-IT"},{"@type":"WebPage","@id":"https:\/\/www.wumingfoundation.com\/giap\/2014\/03\/intervista-a-harry-browne-autore-di-the-frontman-bono-nel-nome-del-potere\/","url":"https:\/\/www.wumingfoundation.com\/giap\/2014\/03\/intervista-a-harry-browne-autore-di-the-frontman-bono-nel-nome-del-potere\/","name":"Intervista a Harry Browne, autore di \u00abThe Frontman. Bono (Nel nome del potere)\u00bb - Giap","isPartOf":{"@id":"https:\/\/www.wumingfoundation.com\/giap\/#website"},"primaryImageOfPage":{"@id":"https:\/\/www.wumingfoundation.com\/giap\/2014\/03\/intervista-a-harry-browne-autore-di-the-frontman-bono-nel-nome-del-potere\/#primaryimage"},"image":{"@id":"https:\/\/www.wumingfoundation.com\/giap\/2014\/03\/intervista-a-harry-browne-autore-di-the-frontman-bono-nel-nome-del-potere\/#primaryimage"},"thumbnailUrl":"https:\/\/www.wumingfoundation.com\/giap\/wp-content\/uploads\/2014\/03\/Harry-Browne.jpg","datePublished":"2014-03-03T21:00:46+00:00","dateModified":"2014-03-04T12:20:35+00:00","author":{"@id":"https:\/\/www.wumingfoundation.com\/giap\/#\/schema\/person\/881b1c925aaf48fe6eb5c3970be4458f"},"breadcrumb":{"@id":"https:\/\/www.wumingfoundation.com\/giap\/2014\/03\/intervista-a-harry-browne-autore-di-the-frontman-bono-nel-nome-del-potere\/#breadcrumb"},"inLanguage":"it-IT","potentialAction":[{"@type":"ReadAction","target":["https:\/\/www.wumingfoundation.com\/giap\/2014\/03\/intervista-a-harry-browne-autore-di-the-frontman-bono-nel-nome-del-potere\/"]}]},{"@type":"ImageObject","inLanguage":"it-IT","@id":"https:\/\/www.wumingfoundation.com\/giap\/2014\/03\/intervista-a-harry-browne-autore-di-the-frontman-bono-nel-nome-del-potere\/#primaryimage","url":"https:\/\/www.wumingfoundation.com\/giap\/wp-content\/uploads\/2014\/03\/Harry-Browne.jpg","contentUrl":"https:\/\/www.wumingfoundation.com\/giap\/wp-content\/uploads\/2014\/03\/Harry-Browne.jpg","width":500,"height":281,"caption":"Harry Browne"},{"@type":"BreadcrumbList","@id":"https:\/\/www.wumingfoundation.com\/giap\/2014\/03\/intervista-a-harry-browne-autore-di-the-frontman-bono-nel-nome-del-potere\/#breadcrumb","itemListElement":[{"@type":"ListItem","position":1,"name":"Home","item":"https:\/\/www.wumingfoundation.com\/giap\/"},{"@type":"ListItem","position":2,"name":"Intervista a Harry Browne, autore di \u00abThe Frontman. Bono (Nel nome del potere)\u00bb"}]},{"@type":"WebSite","@id":"https:\/\/www.wumingfoundation.com\/giap\/#website","url":"https:\/\/www.wumingfoundation.com\/giap\/","name":"Giap","description":"Il sito ufficiale di Wu Ming, collettivo di scrittori","potentialAction":[{"@type":"SearchAction","target":{"@type":"EntryPoint","urlTemplate":"https:\/\/www.wumingfoundation.com\/giap\/?s={search_term_string}"},"query-input":{"@type":"PropertyValueSpecification","valueRequired":true,"valueName":"search_term_string"}}],"inLanguage":"it-IT"},{"@type":"Person","@id":"https:\/\/www.wumingfoundation.com\/giap\/#\/schema\/person\/881b1c925aaf48fe6eb5c3970be4458f","name":"Wu Ming","image":{"@type":"ImageObject","inLanguage":"it-IT","@id":"https:\/\/secure.gravatar.com\/avatar\/1f49001124f0d5b3aeb1d387dbd89e7b48de4c5c15539460ec1c154566c1723c?s=96&d=blank&r=g","url":"https:\/\/secure.gravatar.com\/avatar\/1f49001124f0d5b3aeb1d387dbd89e7b48de4c5c15539460ec1c154566c1723c?s=96&d=blank&r=g","contentUrl":"https:\/\/secure.gravatar.com\/avatar\/1f49001124f0d5b3aeb1d387dbd89e7b48de4c5c15539460ec1c154566c1723c?s=96&d=blank&r=g","caption":"Wu Ming"}}]}},"_links":{"self":[{"href":"https:\/\/www.wumingfoundation.com\/giap\/wp-json\/wp\/v2\/posts\/16316","targetHints":{"allow":["GET"]}}],"collection":[{"href":"https:\/\/www.wumingfoundation.com\/giap\/wp-json\/wp\/v2\/posts"}],"about":[{"href":"https:\/\/www.wumingfoundation.com\/giap\/wp-json\/wp\/v2\/types\/post"}],"author":[{"embeddable":true,"href":"https:\/\/www.wumingfoundation.com\/giap\/wp-json\/wp\/v2\/users\/1"}],"replies":[{"embeddable":true,"href":"https:\/\/www.wumingfoundation.com\/giap\/wp-json\/wp\/v2\/comments?post=16316"}],"version-history":[{"count":0,"href":"https:\/\/www.wumingfoundation.com\/giap\/wp-json\/wp\/v2\/posts\/16316\/revisions"}],"wp:featuredmedia":[{"embeddable":true,"href":"https:\/\/www.wumingfoundation.com\/giap\/wp-json\/wp\/v2\/media\/16341"}],"wp:attachment":[{"href":"https:\/\/www.wumingfoundation.com\/giap\/wp-json\/wp\/v2\/media?parent=16316"}],"wp:term":[{"taxonomy":"category","embeddable":true,"href":"https:\/\/www.wumingfoundation.com\/giap\/wp-json\/wp\/v2\/categories?post=16316"},{"taxonomy":"post_tag","embeddable":true,"href":"https:\/\/www.wumingfoundation.com\/giap\/wp-json\/wp\/v2\/tags?post=16316"}],"curies":[{"name":"wp","href":"https:\/\/api.w.org\/{rel}","templated":true}]}}