{"id":15314,"date":"2013-12-20T19:13:03","date_gmt":"2013-12-20T18:13:03","guid":{"rendered":"http:\/\/www.wumingfoundation.com\/giap\/?p=15314"},"modified":"2016-11-30T11:33:01","modified_gmt":"2016-11-30T10:33:01","slug":"zittimai-solidarieta-a-mauro-vanetti-e-un-po-di-attenzione-su-quel-che-accade-a-pavia","status":"publish","type":"post","link":"https:\/\/www.wumingfoundation.com\/giap\/2013\/12\/zittimai-solidarieta-a-mauro-vanetti-e-un-po-di-attenzione-su-quel-che-accade-a-pavia\/","title":{"rendered":"#ZittiMai! Solidariet\u00e0 a Mauro Vanetti (e un po&#8217; di link su quel che accade a #Pavia)"},"content":{"rendered":"<div id=\"attachment_15315\" style=\"width: 510px\" class=\"wp-caption aligncenter\"><img loading=\"lazy\" decoding=\"async\" aria-describedby=\"caption-attachment-15315\" class=\"size-full wp-image-15315\" src=\"http:\/\/www.wumingfoundation.com\/giap\/wp-content\/uploads\/2013\/12\/mauro.jpg\" alt=\"Mauro Vanetti\" width=\"500\" height=\"525\" \/><p id=\"caption-attachment-15315\" class=\"wp-caption-text\">Mauro Vanetti<\/p><\/div>\n<p style=\"text-align: justify;\">[Chi bazzica queste lande\u00a0si \u00e8 imbattuto tante volte in\u00a0<strong>Mauro Vanetti<\/strong>. Oltre a essere uno dei commentatori di <em>Giap<\/em> &#8211; \u00a0e <em>guest blogger<\/em> &#8211; pi\u00f9 acuti e apprezzati, \u00e8 stato anche il curatore dell&#8217;antologia <a href=\"http:\/\/www.wumingfoundation.com\/giap\/?p=13891\"><em>Tifiamo Asteroide<\/em><\/a>. Mauro \u00e8 un informatico e un attivista politico. \u00a0Nella sua citt\u00e0, Pavia, \u00e8 tra i protagonisti di una multiforme battaglia contro le mafie e il business legale del gioco d&#8217;azzardo, nonch\u00e9 tra i promotori di <strong><a href=\"http:\/\/www.senzaslot.it\/\">Senza Slot<\/a>\u00a0<\/strong>e co-autore del recentissimo libro\u00a0<a href=\"http:\/\/www.senzaslot.it\/vivere-senza-slot\/\"><em>Vivere senza slot. Storie sul gioco d&#8217;azzardo tra ossessione e resistenza<\/em><\/a> (nuovadimensione, 2013).<br \/>\nA monte di tutto questo, Mauro \u00e8 un militante comunista, membro del PRC e della Tendenza Marxista Internazionale, che in Italia si raggruppa intorno al giornale <em>Falcemartello<\/em>.<br \/>\nE&#8217; proprio <a href=\"http:\/\/www.marxismo.net\/lotta-alla-destra\/pietro-trivi-vs-mauro-vanetti\">dal sito di <em>Falcemartello<\/em><\/a> che riprendiamo la seguente chiamata alla solidariet\u00e0, perch\u00e9 Mauro sta subendo un attacco e bisogna aiutarlo a difendersi e contrattaccare, al di sopra delle differenze, delle diverse appartenenze e dei tribalismi delle tante sinistre.<br \/>\nA noialtri, poi, usare <em>Giap<\/em> per difendere un giapster sembra il minimo.<br \/>\n<strong>N.B.<\/strong> In generale, a Pavia c&#8217;\u00e8 un clima pesante. Emblematico <a href=\"http:\/\/sconfinamento.wordpress.com\/2013\/12\/20\/un-anno-dopo\/\">quel che \u00e8 accaduto a <strong>Giovanni Giovannetti<\/strong><\/a>, autore del libro <a href=\"http:\/\/www.ibs.it\/code\/9788889416587\/giovannetti-giovanni\/sprofondo-nord.html\"><em>Sprofondo Nord<\/em> <\/a>(2011). Non solo Giovannetti ha subito un fuoco di fila di querele: ha avuto anche la casa incendiata, e nel rogo \u00e8 andato distrutto il magazzino della sua piccola casa editrice, Effigie.]<!--more--><\/p>\n<p style=\"text-align: justify;\"><em>Volantinaggio luned\u00ec 7 gennaio 2014 alle ore 9 davanti al Tribunale di Pavia, in occasione della prossima udienza<\/em><\/p>\n<h3>Fare politica a Pavia dalla parte dei lavoratori<\/h3>\n<p style=\"text-align: justify;\">Mauro Vanetti, un nostro compagno di Pavia, ha subito un attacco giudiziario da parte di Pietro Trivi (NCD), un esponente del centrodestra al governo della citt\u00e0. Pavia \u00e8 una citt\u00e0 lombarda a forte penetrazione mafiosa, dove la deindustrializzazione continua (ultimo caso, la annunciata chiusura dello stabilimento Merck, che d\u00e0 lavoro complessivamente a circa 400 persone) ha lasciato spazio a un capitalismo parassitario e speculativo (palazzinari, gioco d&#8217;azzardo, corruzione). L&#8217;universit\u00e0 e gli ospedali sono i centri di potere pi\u00f9 importanti e non \u00e8 casuale se proprio il direttore sanitario dell&#8217;ASL, Carlo Chiriaco, \u00e8 stato al centro di un grande scandalo &#8216;ndrangheta nel 2010 che ha coinvolto (con intercettazioni, imputazioni e arresti) anche esponenti del PdL, della Lega Nord e di una locale lista di centro. Tra le persone intercettate mentre si trovava in automobile con Carlo Chiriaco durante la campagna elettorale figura per l&#8217;appunto Pietro Trivi.<\/p>\n<p style=\"text-align: justify;\">Sulla questione della mafia e della corruzione i nostri compagni pavesi sono sempre stati molto vigili intervenendo con azioni di denuncia politica e anche contribuendo in modo decisivo ad organizzare manifestazioni pubbliche di protesta. Sono intervenuti anche nelle maggiori vertenze sociali legate al lavoro (Elnagh, Merck) e alla casa (sfratti, Green Campus, Punta Est), oltre che nel contrasto alle violenze dei neofascisti locali, legati in vari modi alla destra ufficiale.<\/p>\n<p style=\"text-align: justify;\">Con queste attivit\u00e0 militanti i compagni si sono fatti molti nemici tra i potenti di Pavia. L&#8217;attacco a Mauro \u00e8 essenzialmente un attacco contro tutti noi e contro quello che abbiamo fatto in questa citt\u00e0 a partire dagli anni Novanta.<\/p>\n<h3>Ritorsioni politiche del centrodestra contro gli attivisti antimafia?<\/h3>\n<p><img loading=\"lazy\" decoding=\"async\" class=\"aligncenter\" src=\"http:\/\/www.marxismo.net\/images\/stories\/articoli2013\/trivi-chiriaco.JPG\" alt=\"Carlo Chiriaco e Pietro Trivi in tribunale\" width=\"300\" height=\"168\" \/><\/p>\n<p style=\"text-align: justify;\">Il 12 ottobre 2011 due esponenti molto in vista del PdL di Pavia, l&#8217;avvocato penalista Pietro Trivi\u00a0<em>[a destra nella foto]<\/em>, assessore al Commercio del Comune di Pavia, e Carlo Chiriaco\u00a0<em>[a sinistra nella foto]<\/em>, ex direttore dell&#8217;ASL, vengono assolti in primo grado dall&#8217;accusa di corruzione elettorale aggravata. Secondo il giudice, la consegna di denaro da parte di Chiriaco e Trivi al sindacalista della UIL Galeppi durante la campagna elettorale non configurano un reato. Immediatamente parte una campagna politica da parte del centrodestra pavese volta ad affermare che chi aveva sostenuto che ci fossero infiltrazioni mafiose nella politica di Pavia doveva &#8220;chiedere scusa&#8221;.\u00a0<em>\u00abOra qualcuno dovr\u00e0 chiedere scusa\u00bb<\/em>\u00a0dice il sindaco Alessandro Cattaneo a &#8220;la Provincia Pavese&#8221; del 13\u00a0 ottobre 2011. Due settimane dopo, Pietro Trivi querela esponenti di diversi partiti avversari che vanno dal PD a Rifondazione Comunista passando per il Movimento 5 Stelle.<\/p>\n<p style=\"text-align: justify;\">(Eppure le infiltrazioni mafiose nella politica di Pavia ci dovevano ben essere se nel dicembre 2012 Carlo Chiriaco viene condannato in primo grado a 13 anni per concorso esterno in associazione mafiosa. Tra le accuse:\u00a0<em>\u00abcostituisce elemento di raccordo tra alti esponenti della \u2018ndrangheta lombarda e alcuni esponenti politici; favorisce gli interessi economici della \u2018ndrangheta garantendo appalti pubblici\u00a0<\/em>[&#8230;]<em>; procura voti della \u2018ndrangheta a favore di candidati in occasione di competizioni elettorali comunali e regionali\u00bb<\/em>!)<\/p>\n<p style=\"text-align: justify;\">Mauro Vanetti, classe 1979, militante comunista da quasi vent&#8217;anni molto conosciuto in citt\u00e0, attivista antimafia e antislot, riceve una querela per diffamazione. Questa querela ha lo scopo di mettere il bavaglio a un oppositore politico: se Vanetti venisse condannato saremmo di fronte a un precedente inquietante sia per le libert\u00e0 digitali nel nostro Paese sia per la libert\u00e0 di critica politica.<\/p>\n<h3>Un attacco ai diritti democratici digitali<\/h3>\n<p style=\"text-align: justify;\">Le frasi incriminate sono due commenti che secondo Trivi sono apparsi su Facebook. Trivi non ha prodotto nessuna prova dell&#8217;esistenza di questi commenti, si \u00e8 limitato a stampare degli screenshot, cio\u00e8 a riprodurre con una stampante le immagini che sostiene essere apparse sul suo computer. Non c&#8217;\u00e8 stata nessuna indagine per verificare che quei commenti siano effettivamente comparsi su Facebook (provate a cercarli: sono introvabili) n\u00e9 che a scriverli sia stato Mauro Vanetti. Non sono stati forniti URL, log, sorgenti HTML della pagina web, indirizzi IP, niente di tutto ci\u00f2 che normalmente gli inquirenti allegano a un processo di questo tipo e che \u00e8 richiesto dalla giurisprudenza per condannare qualcuno per ci\u00f2 che scrive sul Web.<\/p>\n<p style=\"text-align: justify;\">Nel corso delle udienze Pietro Trivi ha cominciato a produrre un grande numero di screenshot: vi compaiono altri commenti su Facebook attribuiti a Mauro Vanetti, pagine del suo sito con articoli e lettere sulla questione della &#8216;ndrangheta a Pavia, foto del profilo ecc. Che cosa significa questo &#8220;pedinamento virtuale&#8221;, questa schedatura delle opinioni politiche di Vanetti, che peraltro non sono mai state nascoste, visto che ha scritto molti articoli su riviste e siti di sinistra e ha addirittura pubblicato un libro contro il gioco d&#8217;azzardo a Pavia?<\/p>\n<h3>Un attacco al diritto di critica contro il sistema mafioso<\/h3>\n<p style=\"text-align: justify;\">D&#8217;altronde, anche il contenuto dei presunti commenti non diffama Pietro Trivi!<\/p>\n<p style=\"text-align: justify;\">Il primo commento recita:\u00a0<em>\u00abUno dopo l&#8217;altro, tutti i politici pavesi che se la intendono con la mafia la stanno facendo franca. Non saranno i giudici a levarceli dai piedi, dovremo pensarci noi\u00bb<\/em>. Nello screenshot non compare il nome di Pietro Trivi n\u00e9 di nessun altro politico. L&#8217;autore del commento (che secondo Trivi \u00e8 Mauro Vanetti) si limita ad affermare che esistono a Pavia dei politici che se la intendono con la mafia, e che la stanno facendo franca. Pi\u00f9 sotto l&#8217;autore del commento chiarisce:\u00a0<em>\u00abnon penso che la mafia sar\u00e0 mai sconfitta in tribunale se non viene prima sconfitta nella societ\u00e0, semplicemente perch\u00e9 gran parte di ci\u00f2 che fa la mafia non \u00e8 tecnicamente illegale\u00bb<\/em>. \u00c8 forse questa opinione politica che \u00e8 stata portata in tribunale?<\/p>\n<p style=\"text-align: justify;\">Il secondo commento \u00e8 una battuta in un lungo scambio di commenti:\u00a0<em>\u00abMi diverte sempre quando qua sopra interviene un picciotto\u00bb<\/em>. Che il &#8220;picciotto&#8221; in questione sia Pietro Trivi lo ha dedotto&#8230; Pietro Trivi stesso, nella querela. Subito sopra al commento (ammesso che si pensi di poter ricostruire in modo univoco un thread di Facebook, ma non \u00e8 cos\u00ec visto che i commenti possono essere modificati e rimossi) ci sono altri commenti che non sono di Pietro Trivi. In ogni caso la parola &#8220;picciotto&#8221; ha un significato vago, letteralmente vuol dire &#8220;ragazzo&#8221;, talvolta indica le persone che non fanno parte dell&#8217;alta gerarchia mafiosa ma di cui si servono le organizzazioni criminali per perseguire i propri interessi.<\/p>\n<p style=\"text-align: justify;\">A Pavia esistono dei politici che se la intendono con la mafia? e a Pavia esistono dei &#8220;picciotti&#8221;, degli individui compiacenti che sono utilizzati dalla mafia per i propri scopi? Chi osa dirlo, anche senza fare nomi precisi, deve essere portato in tribunale e messo a tacere? Non sarebbe meglio punire semmai chi osa negarlo, dopo che su questo argomento si sono scritti fior di libri e sentenze giudiziarie?<\/p>\n<h3>Con le querele i potenti mettono un prezzo alle nostre parole<\/h3>\n<p style=\"text-align: justify;\">Trivi ha querelato negli stessi giorni anche altre persone con accuse analoghe. Da una di queste persone querelate ha ottenuto 15mila euro. Chi vuole criticare la mafia a Pavia rischia di dover pagare 15mila euro? Le querele dei potenti contro i cittadini che non stanno zitti sono uno strumento per zittirci, sono un sopruso, sono il tentativo di chi ha il potere di sfruttare le proprie conoscenze e la propria influenza per far condannare ingiustamente delle persone comuni.<\/p>\n<p style=\"text-align: justify;\">Con questa campagna vogliamo far crescere la consapevolezza di questo scandalo giudiziario che rischia di svolgersi a Pavia nei prossimi mesi e al tempo stesso chiediamo un aiuto ad amici e compagni: difendiamo Mauro Vanetti da questa persecuzione, difendiamo tutti i pavesi dall&#8217;omert\u00e0. Raccogliamo fondi per contribuire alle ingenti spese legali, per annullare l&#8217;effetto di questo micidiale meccanismo intimidatorio.<\/p>\n<h4>Costruiamo una campagna di lotta e solidariet\u00e0 contro la prepotenza della destra!<\/h4>\n<p><em><strong>Sinistra Classe Rivoluzione &#8211; FalceMartello &#8211; Pavia<\/strong><\/em><\/p>\n<p><strong>Donazioni di solidariet\u00e0:<\/strong><\/p>\n<ul>\n<li>con PostePay dedicato<strong>\u00a04023 6006 5041 3893<\/strong>\u00a0intestato a Mauro Stefano Vanetti<\/li>\n<li>con PayPal inviando denaro a\u00a0<a href=\"mailto:mauro.vanetti@email.it\">mauro.vanetti@email.it<\/a>\u00a0con causale &#8220;Zitti mai&#8221;<\/li>\n<\/ul>\n<p>Per informazioni dettagliate \u00e8 possibile contattare direttamente Mauro Vanetti all&#8217;indirizzo\u00a0<strong>mauro @ marxist.com<\/strong>\u00a0o al numero\u00a0<strong>328-3657696<\/strong>\u00a0o su Twitter (<a href=\"https:\/\/twitter.com\/maurovanetti\" target=\"_blank\">@maurovanetti<\/a>). Questa campagna sar\u00e0 improntata alla massima trasparenza: vi terremo informati di cosa avviene nel tribunale, vi faremo avere le carte processuali, vi daremo spiegazioni sui retroscena, vi daremo un rendiconto delle donazioni ricevute e del loro utilizzo. Dateci una mano e impariamo insieme come ci si difende da prepotenze come questa.<\/p>\n","protected":false},"excerpt":{"rendered":"[Chi bazzica queste lande\u00a0si \u00e8 imbattuto tante volte in\u00a0Mauro Vanetti. Oltre a essere uno dei commentatori di Giap &#8211; \u00a0e guest blogger &#8211; pi\u00f9 acuti e apprezzati, \u00e8 stato anche il curatore dell&#8217;antologia Tifiamo Asteroide. Mauro \u00e8 un informatico e un attivista politico. \u00a0Nella sua citt\u00e0, Pavia, \u00e8 tra i protagonisti di una multiforme battaglia [&hellip;]","protected":false},"author":1,"featured_media":15315,"comment_status":"closed","ping_status":"open","sticky":false,"template":"","format":"standard","meta":{"footnotes":""},"categories":[6],"tags":[1960,1956,1959,1954,1958,1957,1955,1472,501,2906,621,1953,1961],"class_list":["post-15314","post","type-post","status-publish","format-standard","has-post-thumbnail","hentry","category-news-e-segnalazioni","tag-ndrangheta","tag-carlo-chiriaco","tag-effigie","tag-gioco-dazzardo","tag-giovanni-giovannetti","tag-liberta-di-parola","tag-mafie","tag-mauro-vanetti","tag-pavia","tag-querele","tag-repressione","tag-senza-slot","tag-sprofondo-nord"],"yoast_head":"<!-- This site is optimized with the Yoast SEO plugin v27.4 - https:\/\/yoast.com\/product\/yoast-seo-wordpress\/ -->\n<title>Solidariet\u00e0 a Mauro Vanetti (Cosa succede a Pavia?)<\/title>\n<meta name=\"description\" content=\"Chi bazzica queste lande si \u00e8 imbattuto tante volte in Mauro Vanetti. Oltre a essere uno dei commentatori di Giap pi\u00f9 acuti...\" \/>\n<meta name=\"robots\" content=\"index, follow, max-snippet:-1, max-image-preview:large, max-video-preview:-1\" \/>\n<link rel=\"canonical\" href=\"https:\/\/www.wumingfoundation.com\/giap\/2013\/12\/zittimai-solidarieta-a-mauro-vanetti-e-un-po-di-attenzione-su-quel-che-accade-a-pavia\/\" \/>\n<meta property=\"og:locale\" content=\"it_IT\" \/>\n<meta property=\"og:type\" content=\"article\" \/>\n<meta property=\"og:title\" content=\"Solidariet\u00e0 a Mauro Vanetti (Cosa succede a Pavia?)\" \/>\n<meta property=\"og:description\" content=\"Chi bazzica queste lande si \u00e8 imbattuto tante volte in Mauro Vanetti. Oltre a essere uno dei commentatori di Giap pi\u00f9 acuti...\" \/>\n<meta property=\"og:url\" content=\"https:\/\/www.wumingfoundation.com\/giap\/2013\/12\/zittimai-solidarieta-a-mauro-vanetti-e-un-po-di-attenzione-su-quel-che-accade-a-pavia\/\" \/>\n<meta property=\"og:site_name\" content=\"Giap\" \/>\n<meta property=\"article:published_time\" content=\"2013-12-20T18:13:03+00:00\" \/>\n<meta property=\"article:modified_time\" content=\"2016-11-30T10:33:01+00:00\" \/>\n<meta property=\"og:image\" content=\"https:\/\/www.wumingfoundation.com\/giap\/wp-content\/uploads\/2013\/12\/mauro.jpg\" \/>\n\t<meta property=\"og:image:width\" content=\"500\" \/>\n\t<meta property=\"og:image:height\" content=\"525\" \/>\n\t<meta property=\"og:image:type\" content=\"image\/jpeg\" \/>\n<meta name=\"author\" content=\"Wu Ming\" \/>\n<meta name=\"twitter:card\" content=\"summary_large_image\" \/>\n<meta name=\"twitter:creator\" content=\"@Wu_Ming_Foundt\" \/>\n<meta name=\"twitter:site\" content=\"@Wu_Ming_Foundt\" \/>\n<meta name=\"twitter:label1\" content=\"Scritto da\" \/>\n\t<meta name=\"twitter:data1\" content=\"Wu Ming\" \/>\n\t<meta name=\"twitter:label2\" content=\"Tempo di lettura stimato\" \/>\n\t<meta name=\"twitter:data2\" content=\"8 minuti\" \/>\n<script type=\"application\/ld+json\" class=\"yoast-schema-graph\">{\"@context\":\"https:\\\/\\\/schema.org\",\"@graph\":[{\"@type\":\"Article\",\"@id\":\"https:\\\/\\\/www.wumingfoundation.com\\\/giap\\\/2013\\\/12\\\/zittimai-solidarieta-a-mauro-vanetti-e-un-po-di-attenzione-su-quel-che-accade-a-pavia\\\/#article\",\"isPartOf\":{\"@id\":\"https:\\\/\\\/www.wumingfoundation.com\\\/giap\\\/2013\\\/12\\\/zittimai-solidarieta-a-mauro-vanetti-e-un-po-di-attenzione-su-quel-che-accade-a-pavia\\\/\"},\"author\":{\"name\":\"Wu Ming\",\"@id\":\"https:\\\/\\\/www.wumingfoundation.com\\\/giap\\\/#\\\/schema\\\/person\\\/881b1c925aaf48fe6eb5c3970be4458f\"},\"headline\":\"#ZittiMai! Solidariet\u00e0 a Mauro Vanetti (e un po&#8217; di link su quel che accade a #Pavia)\",\"datePublished\":\"2013-12-20T18:13:03+00:00\",\"dateModified\":\"2016-11-30T10:33:01+00:00\",\"mainEntityOfPage\":{\"@id\":\"https:\\\/\\\/www.wumingfoundation.com\\\/giap\\\/2013\\\/12\\\/zittimai-solidarieta-a-mauro-vanetti-e-un-po-di-attenzione-su-quel-che-accade-a-pavia\\\/\"},\"wordCount\":1612,\"image\":{\"@id\":\"https:\\\/\\\/www.wumingfoundation.com\\\/giap\\\/2013\\\/12\\\/zittimai-solidarieta-a-mauro-vanetti-e-un-po-di-attenzione-su-quel-che-accade-a-pavia\\\/#primaryimage\"},\"thumbnailUrl\":\"https:\\\/\\\/www.wumingfoundation.com\\\/giap\\\/wp-content\\\/uploads\\\/2013\\\/12\\\/mauro.jpg\",\"keywords\":[\"'ndrangheta\",\"Carlo Chiriaco\",\"Effigie\",\"gioco d'azzardo\",\"Giovanni Giovannetti\",\"libert\u00e0 di parola\",\"mafie\",\"Mauro Vanetti\",\"Pavia\",\"querele\",\"repressione\",\"Senza slot\",\"Sprofondo Nord\"],\"articleSection\":[\"Notizie\"],\"inLanguage\":\"it-IT\"},{\"@type\":\"WebPage\",\"@id\":\"https:\\\/\\\/www.wumingfoundation.com\\\/giap\\\/2013\\\/12\\\/zittimai-solidarieta-a-mauro-vanetti-e-un-po-di-attenzione-su-quel-che-accade-a-pavia\\\/\",\"url\":\"https:\\\/\\\/www.wumingfoundation.com\\\/giap\\\/2013\\\/12\\\/zittimai-solidarieta-a-mauro-vanetti-e-un-po-di-attenzione-su-quel-che-accade-a-pavia\\\/\",\"name\":\"Solidariet\u00e0 a Mauro Vanetti (Cosa succede a Pavia?)\",\"isPartOf\":{\"@id\":\"https:\\\/\\\/www.wumingfoundation.com\\\/giap\\\/#website\"},\"primaryImageOfPage\":{\"@id\":\"https:\\\/\\\/www.wumingfoundation.com\\\/giap\\\/2013\\\/12\\\/zittimai-solidarieta-a-mauro-vanetti-e-un-po-di-attenzione-su-quel-che-accade-a-pavia\\\/#primaryimage\"},\"image\":{\"@id\":\"https:\\\/\\\/www.wumingfoundation.com\\\/giap\\\/2013\\\/12\\\/zittimai-solidarieta-a-mauro-vanetti-e-un-po-di-attenzione-su-quel-che-accade-a-pavia\\\/#primaryimage\"},\"thumbnailUrl\":\"https:\\\/\\\/www.wumingfoundation.com\\\/giap\\\/wp-content\\\/uploads\\\/2013\\\/12\\\/mauro.jpg\",\"datePublished\":\"2013-12-20T18:13:03+00:00\",\"dateModified\":\"2016-11-30T10:33:01+00:00\",\"author\":{\"@id\":\"https:\\\/\\\/www.wumingfoundation.com\\\/giap\\\/#\\\/schema\\\/person\\\/881b1c925aaf48fe6eb5c3970be4458f\"},\"description\":\"Chi bazzica queste lande si \u00e8 imbattuto tante volte in Mauro Vanetti. Oltre a essere uno dei commentatori di Giap pi\u00f9 acuti...\",\"breadcrumb\":{\"@id\":\"https:\\\/\\\/www.wumingfoundation.com\\\/giap\\\/2013\\\/12\\\/zittimai-solidarieta-a-mauro-vanetti-e-un-po-di-attenzione-su-quel-che-accade-a-pavia\\\/#breadcrumb\"},\"inLanguage\":\"it-IT\",\"potentialAction\":[{\"@type\":\"ReadAction\",\"target\":[\"https:\\\/\\\/www.wumingfoundation.com\\\/giap\\\/2013\\\/12\\\/zittimai-solidarieta-a-mauro-vanetti-e-un-po-di-attenzione-su-quel-che-accade-a-pavia\\\/\"]}]},{\"@type\":\"ImageObject\",\"inLanguage\":\"it-IT\",\"@id\":\"https:\\\/\\\/www.wumingfoundation.com\\\/giap\\\/2013\\\/12\\\/zittimai-solidarieta-a-mauro-vanetti-e-un-po-di-attenzione-su-quel-che-accade-a-pavia\\\/#primaryimage\",\"url\":\"https:\\\/\\\/www.wumingfoundation.com\\\/giap\\\/wp-content\\\/uploads\\\/2013\\\/12\\\/mauro.jpg\",\"contentUrl\":\"https:\\\/\\\/www.wumingfoundation.com\\\/giap\\\/wp-content\\\/uploads\\\/2013\\\/12\\\/mauro.jpg\",\"width\":500,\"height\":525,\"caption\":\"Mauro Vanetti\"},{\"@type\":\"BreadcrumbList\",\"@id\":\"https:\\\/\\\/www.wumingfoundation.com\\\/giap\\\/2013\\\/12\\\/zittimai-solidarieta-a-mauro-vanetti-e-un-po-di-attenzione-su-quel-che-accade-a-pavia\\\/#breadcrumb\",\"itemListElement\":[{\"@type\":\"ListItem\",\"position\":1,\"name\":\"Home\",\"item\":\"https:\\\/\\\/www.wumingfoundation.com\\\/giap\\\/\"},{\"@type\":\"ListItem\",\"position\":2,\"name\":\"#ZittiMai! Solidariet\u00e0 a Mauro Vanetti (e un po&#8217; di link su quel che accade a #Pavia)\"}]},{\"@type\":\"WebSite\",\"@id\":\"https:\\\/\\\/www.wumingfoundation.com\\\/giap\\\/#website\",\"url\":\"https:\\\/\\\/www.wumingfoundation.com\\\/giap\\\/\",\"name\":\"Giap\",\"description\":\"Il sito ufficiale di Wu Ming, collettivo di scrittori\",\"potentialAction\":[{\"@type\":\"SearchAction\",\"target\":{\"@type\":\"EntryPoint\",\"urlTemplate\":\"https:\\\/\\\/www.wumingfoundation.com\\\/giap\\\/?s={search_term_string}\"},\"query-input\":{\"@type\":\"PropertyValueSpecification\",\"valueRequired\":true,\"valueName\":\"search_term_string\"}}],\"inLanguage\":\"it-IT\"},{\"@type\":\"Person\",\"@id\":\"https:\\\/\\\/www.wumingfoundation.com\\\/giap\\\/#\\\/schema\\\/person\\\/881b1c925aaf48fe6eb5c3970be4458f\",\"name\":\"Wu Ming\",\"image\":{\"@type\":\"ImageObject\",\"inLanguage\":\"it-IT\",\"@id\":\"https:\\\/\\\/secure.gravatar.com\\\/avatar\\\/1f49001124f0d5b3aeb1d387dbd89e7b48de4c5c15539460ec1c154566c1723c?s=96&d=blank&r=g\",\"url\":\"https:\\\/\\\/secure.gravatar.com\\\/avatar\\\/1f49001124f0d5b3aeb1d387dbd89e7b48de4c5c15539460ec1c154566c1723c?s=96&d=blank&r=g\",\"contentUrl\":\"https:\\\/\\\/secure.gravatar.com\\\/avatar\\\/1f49001124f0d5b3aeb1d387dbd89e7b48de4c5c15539460ec1c154566c1723c?s=96&d=blank&r=g\",\"caption\":\"Wu Ming\"}}]}<\/script>\n<!-- \/ Yoast SEO plugin. -->","yoast_head_json":{"title":"Solidariet\u00e0 a Mauro Vanetti (Cosa succede a Pavia?)","description":"Chi bazzica queste lande si \u00e8 imbattuto tante volte in Mauro Vanetti. Oltre a essere uno dei commentatori di Giap pi\u00f9 acuti...","robots":{"index":"index","follow":"follow","max-snippet":"max-snippet:-1","max-image-preview":"max-image-preview:large","max-video-preview":"max-video-preview:-1"},"canonical":"https:\/\/www.wumingfoundation.com\/giap\/2013\/12\/zittimai-solidarieta-a-mauro-vanetti-e-un-po-di-attenzione-su-quel-che-accade-a-pavia\/","og_locale":"it_IT","og_type":"article","og_title":"Solidariet\u00e0 a Mauro Vanetti (Cosa succede a Pavia?)","og_description":"Chi bazzica queste lande si \u00e8 imbattuto tante volte in Mauro Vanetti. Oltre a essere uno dei commentatori di Giap pi\u00f9 acuti...","og_url":"https:\/\/www.wumingfoundation.com\/giap\/2013\/12\/zittimai-solidarieta-a-mauro-vanetti-e-un-po-di-attenzione-su-quel-che-accade-a-pavia\/","og_site_name":"Giap","article_published_time":"2013-12-20T18:13:03+00:00","article_modified_time":"2016-11-30T10:33:01+00:00","og_image":[{"width":500,"height":525,"url":"https:\/\/www.wumingfoundation.com\/giap\/wp-content\/uploads\/2013\/12\/mauro.jpg","type":"image\/jpeg"}],"author":"Wu Ming","twitter_card":"summary_large_image","twitter_creator":"@Wu_Ming_Foundt","twitter_site":"@Wu_Ming_Foundt","twitter_misc":{"Scritto da":"Wu Ming","Tempo di lettura stimato":"8 minuti"},"schema":{"@context":"https:\/\/schema.org","@graph":[{"@type":"Article","@id":"https:\/\/www.wumingfoundation.com\/giap\/2013\/12\/zittimai-solidarieta-a-mauro-vanetti-e-un-po-di-attenzione-su-quel-che-accade-a-pavia\/#article","isPartOf":{"@id":"https:\/\/www.wumingfoundation.com\/giap\/2013\/12\/zittimai-solidarieta-a-mauro-vanetti-e-un-po-di-attenzione-su-quel-che-accade-a-pavia\/"},"author":{"name":"Wu Ming","@id":"https:\/\/www.wumingfoundation.com\/giap\/#\/schema\/person\/881b1c925aaf48fe6eb5c3970be4458f"},"headline":"#ZittiMai! Solidariet\u00e0 a Mauro Vanetti (e un po&#8217; di link su quel che accade a #Pavia)","datePublished":"2013-12-20T18:13:03+00:00","dateModified":"2016-11-30T10:33:01+00:00","mainEntityOfPage":{"@id":"https:\/\/www.wumingfoundation.com\/giap\/2013\/12\/zittimai-solidarieta-a-mauro-vanetti-e-un-po-di-attenzione-su-quel-che-accade-a-pavia\/"},"wordCount":1612,"image":{"@id":"https:\/\/www.wumingfoundation.com\/giap\/2013\/12\/zittimai-solidarieta-a-mauro-vanetti-e-un-po-di-attenzione-su-quel-che-accade-a-pavia\/#primaryimage"},"thumbnailUrl":"https:\/\/www.wumingfoundation.com\/giap\/wp-content\/uploads\/2013\/12\/mauro.jpg","keywords":["'ndrangheta","Carlo Chiriaco","Effigie","gioco d'azzardo","Giovanni Giovannetti","libert\u00e0 di parola","mafie","Mauro Vanetti","Pavia","querele","repressione","Senza slot","Sprofondo Nord"],"articleSection":["Notizie"],"inLanguage":"it-IT"},{"@type":"WebPage","@id":"https:\/\/www.wumingfoundation.com\/giap\/2013\/12\/zittimai-solidarieta-a-mauro-vanetti-e-un-po-di-attenzione-su-quel-che-accade-a-pavia\/","url":"https:\/\/www.wumingfoundation.com\/giap\/2013\/12\/zittimai-solidarieta-a-mauro-vanetti-e-un-po-di-attenzione-su-quel-che-accade-a-pavia\/","name":"Solidariet\u00e0 a Mauro Vanetti (Cosa succede a Pavia?)","isPartOf":{"@id":"https:\/\/www.wumingfoundation.com\/giap\/#website"},"primaryImageOfPage":{"@id":"https:\/\/www.wumingfoundation.com\/giap\/2013\/12\/zittimai-solidarieta-a-mauro-vanetti-e-un-po-di-attenzione-su-quel-che-accade-a-pavia\/#primaryimage"},"image":{"@id":"https:\/\/www.wumingfoundation.com\/giap\/2013\/12\/zittimai-solidarieta-a-mauro-vanetti-e-un-po-di-attenzione-su-quel-che-accade-a-pavia\/#primaryimage"},"thumbnailUrl":"https:\/\/www.wumingfoundation.com\/giap\/wp-content\/uploads\/2013\/12\/mauro.jpg","datePublished":"2013-12-20T18:13:03+00:00","dateModified":"2016-11-30T10:33:01+00:00","author":{"@id":"https:\/\/www.wumingfoundation.com\/giap\/#\/schema\/person\/881b1c925aaf48fe6eb5c3970be4458f"},"description":"Chi bazzica queste lande si \u00e8 imbattuto tante volte in Mauro Vanetti. Oltre a essere uno dei commentatori di Giap pi\u00f9 acuti...","breadcrumb":{"@id":"https:\/\/www.wumingfoundation.com\/giap\/2013\/12\/zittimai-solidarieta-a-mauro-vanetti-e-un-po-di-attenzione-su-quel-che-accade-a-pavia\/#breadcrumb"},"inLanguage":"it-IT","potentialAction":[{"@type":"ReadAction","target":["https:\/\/www.wumingfoundation.com\/giap\/2013\/12\/zittimai-solidarieta-a-mauro-vanetti-e-un-po-di-attenzione-su-quel-che-accade-a-pavia\/"]}]},{"@type":"ImageObject","inLanguage":"it-IT","@id":"https:\/\/www.wumingfoundation.com\/giap\/2013\/12\/zittimai-solidarieta-a-mauro-vanetti-e-un-po-di-attenzione-su-quel-che-accade-a-pavia\/#primaryimage","url":"https:\/\/www.wumingfoundation.com\/giap\/wp-content\/uploads\/2013\/12\/mauro.jpg","contentUrl":"https:\/\/www.wumingfoundation.com\/giap\/wp-content\/uploads\/2013\/12\/mauro.jpg","width":500,"height":525,"caption":"Mauro Vanetti"},{"@type":"BreadcrumbList","@id":"https:\/\/www.wumingfoundation.com\/giap\/2013\/12\/zittimai-solidarieta-a-mauro-vanetti-e-un-po-di-attenzione-su-quel-che-accade-a-pavia\/#breadcrumb","itemListElement":[{"@type":"ListItem","position":1,"name":"Home","item":"https:\/\/www.wumingfoundation.com\/giap\/"},{"@type":"ListItem","position":2,"name":"#ZittiMai! Solidariet\u00e0 a Mauro Vanetti (e un po&#8217; di link su quel che accade a #Pavia)"}]},{"@type":"WebSite","@id":"https:\/\/www.wumingfoundation.com\/giap\/#website","url":"https:\/\/www.wumingfoundation.com\/giap\/","name":"Giap","description":"Il sito ufficiale di Wu Ming, collettivo di scrittori","potentialAction":[{"@type":"SearchAction","target":{"@type":"EntryPoint","urlTemplate":"https:\/\/www.wumingfoundation.com\/giap\/?s={search_term_string}"},"query-input":{"@type":"PropertyValueSpecification","valueRequired":true,"valueName":"search_term_string"}}],"inLanguage":"it-IT"},{"@type":"Person","@id":"https:\/\/www.wumingfoundation.com\/giap\/#\/schema\/person\/881b1c925aaf48fe6eb5c3970be4458f","name":"Wu Ming","image":{"@type":"ImageObject","inLanguage":"it-IT","@id":"https:\/\/secure.gravatar.com\/avatar\/1f49001124f0d5b3aeb1d387dbd89e7b48de4c5c15539460ec1c154566c1723c?s=96&d=blank&r=g","url":"https:\/\/secure.gravatar.com\/avatar\/1f49001124f0d5b3aeb1d387dbd89e7b48de4c5c15539460ec1c154566c1723c?s=96&d=blank&r=g","contentUrl":"https:\/\/secure.gravatar.com\/avatar\/1f49001124f0d5b3aeb1d387dbd89e7b48de4c5c15539460ec1c154566c1723c?s=96&d=blank&r=g","caption":"Wu Ming"}}]}},"_links":{"self":[{"href":"https:\/\/www.wumingfoundation.com\/giap\/wp-json\/wp\/v2\/posts\/15314","targetHints":{"allow":["GET"]}}],"collection":[{"href":"https:\/\/www.wumingfoundation.com\/giap\/wp-json\/wp\/v2\/posts"}],"about":[{"href":"https:\/\/www.wumingfoundation.com\/giap\/wp-json\/wp\/v2\/types\/post"}],"author":[{"embeddable":true,"href":"https:\/\/www.wumingfoundation.com\/giap\/wp-json\/wp\/v2\/users\/1"}],"replies":[{"embeddable":true,"href":"https:\/\/www.wumingfoundation.com\/giap\/wp-json\/wp\/v2\/comments?post=15314"}],"version-history":[{"count":0,"href":"https:\/\/www.wumingfoundation.com\/giap\/wp-json\/wp\/v2\/posts\/15314\/revisions"}],"wp:featuredmedia":[{"embeddable":true,"href":"https:\/\/www.wumingfoundation.com\/giap\/wp-json\/wp\/v2\/media\/15315"}],"wp:attachment":[{"href":"https:\/\/www.wumingfoundation.com\/giap\/wp-json\/wp\/v2\/media?parent=15314"}],"wp:term":[{"taxonomy":"category","embeddable":true,"href":"https:\/\/www.wumingfoundation.com\/giap\/wp-json\/wp\/v2\/categories?post=15314"},{"taxonomy":"post_tag","embeddable":true,"href":"https:\/\/www.wumingfoundation.com\/giap\/wp-json\/wp\/v2\/tags?post=15314"}],"curies":[{"name":"wp","href":"https:\/\/api.w.org\/{rel}","templated":true}]}}