{"id":15037,"date":"2013-12-04T08:00:46","date_gmt":"2013-12-04T07:00:46","guid":{"rendered":"http:\/\/www.wumingfoundation.com\/giap\/?p=15037"},"modified":"2023-09-22T10:30:21","modified_gmt":"2023-09-22T08:30:21","slug":"stay-hungry-stay-fico-oscar-farinetti-e-la-disneyland-del-cibo-a-bologna-eataly","status":"publish","type":"post","link":"https:\/\/www.wumingfoundation.com\/giap\/2013\/12\/stay-hungry-stay-fico-oscar-farinetti-e-la-disneyland-del-cibo-a-bologna-eataly\/","title":{"rendered":"Stay FICO, Stay Hungry. Oscar Farinetti e la \u00abDisneyland del cibo\u00bb a #Bologna, Eataly"},"content":{"rendered":"<p style=\"text-align: center;\"><a href=\"http:\/\/www.flickr.com\/photos\/ricricciardi\/9652515635\/lightbox\/\"><img loading=\"lazy\" decoding=\"async\" class=\"aligncenter wp-image-15039\" src=\"http:\/\/www.wumingfoundation.com\/giap\/wp-content\/uploads\/2013\/12\/fico.jpg\" alt=\"FICO Bologna\" width=\"700\" height=\"539\" \/><\/a><\/p>\n<p>di <a href=\"http:\/\/indexlupi.blogspot.it\/p\/blog-page.html\"><strong>Wolf Bukowski<\/strong><\/a> (guest blogger)<\/p>\n<p>Nonostante Bologna vanti il secondo Apple Store per grandezza d&#8217;Italia e sia dunque ben avvezza <a href=\"http:\/\/www.wumingfoundation.com\/giap\/?p=7726\">agli immortali precetti<\/a> dello \u00abstay hungry, stay foolish\u00bb, ha la pretesa, per entusiasmarsi, di vederli declinati in qualcosa di pi\u00f9 familiare. Tipo, per capirci: fatti una bella mangiata e sparale grosse. Ecco: cos\u00ec funziona.<\/p>\n<p>E in effetti in giro ce n&#8217;\u00e8 una bella grossa. Si chiama FICO.<!--more--><\/p>\n<p>FICO vuol dire Fabbrica Italiana Contadina &#8211; e si comincia a capire di che si parla, ma nulla pi\u00f9. Il secondo nome \u00e8 Eataly World, che vuol dire Mangitalia Mondo cio\u00e8 niente, ma un niente con il brand Eataly intorno: gi\u00e0 si intravedono i contorni. Pi\u00f9 chiara la definizione di \u00abDisneyland del cibo\u00bb o quella di \u00abpi\u00f9 grande centro al mondo per la celebrazione della bellezza dell&#8217;agro-alimentare italiano\u00bb (CdA CAAB, 3 giugno 13).<\/p>\n<p>FICO \u00e8 il progetto di un parco tematico con 40 ristoranti, \u00abstalle, acquari, campi, orti, officine di produzione, laboratori, banchi serviti, grocery [&#8230;] Un percorso naturalmente attrezzato con adeguata cartellonistica, audio guide e accompagnatori didattici\u00bb (<a href=\"http:\/\/www.comune.bo.it\/sites\/default\/files\/documenti\/cs%20CAAB%20COMUNICATO%2024%20GIUGNO%20PARCO%20TEMATICO%20AGROALIMENTARE%20BOLOGNA.pdf\">Comunicato del Comune<\/a>; la presentazione ufficiale \u00e8 <a href=\"http:\/\/www.comune.bo.it\/sites\/default\/files\/documenti\/presentazione%20FabbricaItalianaContadina.pdf\">qui<\/a>, il rendering <a href=\"http:\/\/multimedia.quotidiano.net\/?tipo=photo&amp;media=66568\">qui<\/a>).<\/p>\n<p style=\"text-align: center;\"><img loading=\"lazy\" decoding=\"async\" class=\"aligncenter size-full wp-image-15063\" src=\"http:\/\/www.wumingfoundation.com\/giap\/wp-content\/uploads\/2013\/12\/caab.jpg\" alt=\"CAAB \/ FICO\" width=\"500\" height=\"309\" \/><\/p>\n<p>Location: il CAAB, ovvero i mercati generali agroalimentari, di propriet\u00e0 pubblica al 90%, nella periferia settentrionale di Bologna. Un&#8217;enorme struttura oggi grandemente sottoutilizzata: il commercio di prossimit\u00e0 che vi si riforniva \u00e8 stato spazzato via da Coop e grande distribuzione organizzata e quindi il CAAB, inaugurato nel 2000, \u00e8 gi\u00e0 obsoleto. Sulla miseria pianificatoria che ha condotto a questa situazione, voluta dallo stesso partito che governa oggi, neppure una parola. Stai muto, stay hungry, stay foolish \u2013 e qui entra in campo <strong>Oscar Farinetti<\/strong>.<\/p>\n<p>L&#8217;imprenditore renziano Farinetti, sul cui \u00abimpero non tramonta mai il sale\u00bb (Venerd\u00ec di Repubblica, 27\/9), \u00e8 abituato a trovare porte spalancate dalle amministrazioni che condividono la sua stessa <i>foolishness<\/i>. Il primo Eataly apre a Torino in spazi concessi gratuitamente da <strong>Sergio Chiamparino<\/strong> (G.Polo, <em>Affondata sul lavoro<\/em>, Ediesse 2013), mentre a Bari ottiene dall&#8217;amministrazione PD \u00ab<a href=\"http:\/\/tv.ilfattoquotidiano.it\/2013\/08\/26\/eataly-a-bari-ciampolillo-m5s-farinetti-offende-citta\/242842\/\">l&#8217;autorizzazione pi\u00f9 veloce del mondo<\/a>\u00bb; Farinetti ama, \u00ab<a href=\"http:\/\/www.ilfattoquotidiano.it\/2013\/06\/25\/eataly-nel-2015-disneyworld-del-cibo-a-bologna\/636825\/%20\">da comunista<\/a>\u00bb, lavorare a Bologna ma si trova benissimo anche a Roma con Alemanno; infine <a href=\"http:\/\/www.youtube.com\/watch?v=J3UUVnzzb1E\">gode &#8220;da morire&#8221; quando assume un giovane<\/a> e sancisce il <a href=\"http:\/\/www.repubblica.it\/politica\/2013\/07\/17\/news\/calderoli_farinetti_non_puo_entrare_da_eataly-63180276\/\">divieto d&#8217;ingresso<\/a> nei suoi Eataly a Calderoli. <em>Captatio benevolentiae<\/em>? No, piena sintonia con quella sinistra che <strong>adora la teatralizzazione dello scontro politico per evitare di guastarsi l&#8217;appetito con il conflitto sociale<\/strong>, e ignora la distruzione ambientale globale operata dal capitalismo appendendoci davanti un pannello solare, come un quadro su una crepa del muro. Foss&#8217;anche solo per questa sintonia, l&#8217;amore tra la <em>gauche caviar<\/em> bolognese e Farinetti era destinato a scoppiare.<\/p>\n<p style=\"text-align: center;\"><img loading=\"lazy\" decoding=\"async\" class=\"size-full wp-image-15045 aligncenter\" src=\"http:\/\/www.wumingfoundation.com\/giap\/wp-content\/uploads\/2013\/12\/pomodorini.jpg\" alt=\"Pomodorini di Eataly. Circa 8 euro al kg. \" width=\"500\" height=\"333\" \/><\/p>\n<p>E poi, incidentalmente, amore \u00e8 anche 55 milioni di patrimonio immobiliare pubblico, gli edifici del mercato ortofrutticolo, che il Comune mette a disposizione del FICO senza contropartita economica (CAAB parteciper\u00e0 agli utili dell&#8217;Operating Company costituita ad hoc, che per\u00f2 raccoglier\u00e0 \u00absolo quanto necessario a compensare i costi di funzionamento\u00bb, dunque che utili possono esserci? Ma il tutto \u00e8 scritto <a href=\"http:\/\/atti.comune.bologna.it\/atti\/delibere.nsf\/b66851b2fa051265c1257088002d7880\/f04bdfee867fedf8c1257b7b0048bc9b?OpenDocument\">nel pi\u00f9 impermeabile gergo aziendalista, <\/a>dunque chi ha interpretazioni diverse ne renda partecipi tutti nei commenti, grazie). In ogni caso l&#8217;approvazione del Comune \u00e8 motivata dall&#8217;attrattivit\u00e0 turistica, dai 10 milioni di visitatori all&#8217;anno attesi dalla Disneyland del cibo, non certo da ritorni economici diretti: per quelli si preferisce tassare pesantemente i piccolissimi.<\/p>\n<p>Questi 10 milioni di turisti sono una straordinaria creazione dal nulla: li cita come un dato di fatto il <a href=\"https:\/\/www.wumingfoundation.com\/cs_CAAB_COMUNICATO_24_GIUGNO_PARCO_TEMATICO_AGROALIMENTARE_BOLOGNA.pdf\">comunicato ufficiale del Comune<\/a> prendendoli pari pari dalla delibera di CAAB del 3 giugno, che definisce il FICO \u00abuna sorta di grande parco giochi, con la stessa attrattivit\u00e0 mondiale che ha Disneyworld, [che] potr\u00e0 avere oltre dieci milioni di visitatori l&#8217;anno, diventando cos\u00ec il &#8220;monumento&#8221; pi\u00f9 visitato in Italia\u00bb. Dov&#8217;\u00e8 l&#8217;analisi globale dei flussi turistici, dov&#8217;\u00e8 lo studio puntuale sui parchi tematici? Boh. Bisogna fidarsi di un \u00abbusiness plan predisposto da Ernst &amp; Young\u00bb che, al di fuori dal CdA del CAAB, nessuno ha visto. <a href=\"https:\/\/web.archive.org\/web\/20130703213913\/http:\/\/www.federicasalsi.it\/2013\/06\/caab-eataly-fico-e-la-ratifica-del.html\">Neppure il consiglio comunale di Bologna<\/a> che pure, supinamente, ratifica il progetto.<\/p>\n<p><img loading=\"lazy\" decoding=\"async\" class=\"aligncenter\" src=\"http:\/\/www.wumingfoundation.com\/giap\/wp-content\/uploads\/2013\/12\/Farinetti_Renzi.jpg\" alt=\"Farinetti e Renzi\" width=\"500\" height=\"331\" \/><\/p>\n<p>I milioni di turisti, come tutte le affermazioni prive di fondamento, diventano occasione di fantasiose esegesi. Per Farinetti sono quasi pochi: dice che sarebbe \u00ab<a href=\"http:\/\/ricerca.repubblica.it\/repubblica\/archivio\/repubblica\/2013\/09\/17\/voglio-un-supertreno-per-eatalyworld.html\">una libidine<\/a>\u00bb battere Eurodisney, che ne fa 12. <strong>Tiziana Primori<\/strong> (vicepresidente di Eataly e alta dirigente Coop) e <strong>Andrea Segr\u00e8<\/strong> (presidente di CAAB) affermano con maggiore sobriet\u00e0 che il break-even \u00e8 fissato a 5 milioni di ingressi, pari <a href=\"https:\/\/web.archive.org\/web\/20201203163316\/http:\/\/lastefani.it\/fico-non-a-bologna-per-la-citta-sarebbe-uno-smacco\/\">a quelli del Centronova<\/a> \u2013 una semplice Ipercoop della prima cintura bolognese. Ma allora cos&#8217;\u00e8 il FICO, un centro commerciale o un&#8217;ambiziosissima Disneyland mondiale?<\/p>\n<p>Interrogata a proposito la Primori, con la sfrontatezza di chi d\u00e0 voce a poteri non abituati al contraddittorio, <a href=\"http:\/\/www.ilrestodelcarlino.it\/bologna\/cronaca\/2013\/09\/26\/956451-coop-adriatica-fico.shtml\">risponde:<\/a> \u00abN\u00e9 l\u2019uno n\u00e9 l\u2019altro, non lo sappiamo neanche noi\u00bb!<\/p>\n<p>Eppure la questione \u00e8 rilevante: \u00e8 un ennesimo centro commerciale quello che sar\u00e0 ospitato in strutture pubbliche? Capire cosa sia il FICO sarebbe interessante anche per tentare una valutazione sui saldi occupazionali, che per i centri commerciali sono tipicamente negativi (<a href=\"http:\/\/www.trend-online.com\/irs\/centri-commerciali-hanno-strozzato-piccoli\/\">qualcuno calcola<\/a> che per ogni posto creato nei mall se ne perdano 6 tra i piccoli operatori).<\/p>\n<div id=\"attachment_15060\" style=\"width: 510px\" class=\"wp-caption aligncenter\"><img loading=\"lazy\" decoding=\"async\" aria-describedby=\"caption-attachment-15060\" class=\"size-full wp-image-15060\" src=\"http:\/\/www.wumingfoundation.com\/giap\/wp-content\/uploads\/2013\/12\/coopsugliscioperi.jpg\" alt=\"Bologna, 2013. Lo sciopero raccontato dal padrone.\" width=\"500\" height=\"280\" \/><p id=\"caption-attachment-15060\" class=\"wp-caption-text\">Bologna, 2013. Lo sciopero raccontato dal padrone.<\/p><\/div>\n<p>Il primo investitore \u00e8 naturalmente Coop, che punta sul FICO 20 dei 45 milioni necessari. Coop ha una rendita di posizione sull&#8217;alimentare da mantenere, un sacco di soldi (del prestito sociale) da investire e la grossa questione di immagine che vedremo dopo: la redditivit\u00e0 del FICO conta poco, dal suo punto di vista.<\/p>\n<p>Le banche. Emil Banca &#8211; legata alle coop &#8211; \u00e8 pronta far credito agli ardimentosi che \u00abvolessero entrare nel progetto finanziario del grande parco pur non avendone le finanze\u00bb (sic, Carlino Bologna 25\/11), ma da sola non basta: cos\u00ec sono ripetutamente evocate Unicredit, le assicurazioni Unipol e Intesa-San Paolo. cio\u00e8 la banca di Expo 2015 che vede al vertice, <a href=\"http:\/\/www.compagnia.torino.it\/Multimedia\/Video\/Archivio-video-2012\/Chiamparino-alla-presidenza-di-Compagnia-di-San-Paolo\">nella sua nuova veste<\/a>, il solito Chiamparino.<\/p>\n<div id=\"attachment_15099\" style=\"width: 510px\" class=\"wp-caption aligncenter\"><img loading=\"lazy\" decoding=\"async\" aria-describedby=\"caption-attachment-15099\" class=\"size-full wp-image-15099\" src=\"http:\/\/www.wumingfoundation.com\/giap\/wp-content\/uploads\/2013\/12\/torreUnipol.jpg\" alt=\"Torre Unipol\" width=\"500\" height=\"273\" \/><p id=\"caption-attachment-15099\" class=\"wp-caption-text\">Priapismo: la Torre Unipol, Bologna Est. 127 metri di hybris, ottavo grattacielo pi\u00f9 alto d&#8217;Italia.<\/p><\/div>\n<p>Intanto, mentre ancora Farinetti non rivela quanto voglia rischiare di <i>suo<\/i> (e di nuovo di Coop, che partecipa Eataly al 40%) nel <i>suo<\/i> parco tematico, salgono sul FICO Ascom e Confcommercio, che evidentemente non hanno letto <a href=\"http:\/\/corrieredibologna.corriere.it\/bologna\/notizie\/cultura\/2013\/9-novembre-2013\/fico-ritorno-farinetti-credo-matti-progetto-2223616405940.shtml\">l&#8217;intervista<\/a> in cui l&#8217;incontenibile imprenditore immagina \u00abturisti che atterrano al Marconi e poi gi\u00e0 l\u00ec si trovano un bel trenino con l\u2019indicazione Eataly World che li porta direttamente sul luogo. Fico, no?\u00bb Beneficio per i commercianti bolognesi che le due associazioni dovrebbero rappresentare? Un fico. Secco.<\/p>\n<p>A chi poi pensa che il FICO abbia davvero a che vedere con l&#8217;agricoltura, la sostenibilit\u00e0 eccetera, segnalo le manifestazioni di interesse dei petrolieri di Sofaz (Azerbaijan) e del fondo immobiliare <a href=\"http:\/\/ricerca.repubblica.it\/repubblica\/archivio\/repubblica\/2013\/11\/07\/segre-fa-il-fico-allestero-hong-kong.html\">The Link di Hong Kong<\/a>.<\/p>\n<p>Tra gli entusiasti della prima ora ci sono naturalmente quelli che gongolano alla pretesa di Farinetti di infrastrutture e \u00abnavette fiche\u00bb (sic). \u00abSarebbe bello\u00bb se il FICO segnasse la fine della \u00abstagione di paralisi delle infrastrutture da cui Bologna non \u00e8 uscita\u00bb, <a href=\"http:\/\/www.ilsole24ore.com\/art\/impresa-e-territori\/2013-09-17\/bologna-punta-multinazionali-065650.shtml?uuid=AbVVHZXI&amp;fromSearch\">dichiara<\/a> il Vicepresidente di Confindustria <strong>Gaetano Maccaferri<\/strong>, talmente <em>hungry<\/em> di cemento da dimenticare TAV e Variante di Valico.<\/p>\n<p>Il FICO, prevede <a href=\"http:\/\/it.wikipedia.org\/wiki\/Nomisma_(azienda)\">Nomisma<\/a>, \u00abpotrebbe dare quello che manca [a un] comparto ancora considerato popolare, aumentando[ne] l&#8217;indice di attrattivit\u00e0\u00bb (Carlino Bo, 16\/10). Che tradotto significa: aumento dei valori immobiliari, gentrificazione e nuove costruzioni. Still hungry.<\/p>\n<p>Naturalmente per CAAB il FICO \u00e8 a \u00abcosti di territorio\/cementificazione pari a zero, sostenibilit\u00e0 pari al 100%\u00bb; il Comune conferma. E il sindaco renziano Merola, eseguendo quanto deciso da Segr\u00e8 e Farinetti, <a href=\"http:\/\/ricerca.repubblica.it\/repubblica\/archivio\/repubblica\/2013\/10\/17\/merola-in-missione-da-letta-cerca-soldi.html\">chiede<\/a> e ottiene (dal ministro Zanonato) la promessa di \u00abuna mano\u00bb governativa per il FICO (Carlino Bo 25\/11). Che poi questa mano allunghi soldi o benefit e crediti dalla Cassa Depositi e Prestiti poco cambia: sono <a href=\"http:\/\/www.recommon.org\/riprendiamoci-la-cassa\/\">risorse pubbliche<\/a> seppellite sotto il FICO.<\/p>\n<p style=\"text-align: center;\"><img loading=\"lazy\" decoding=\"async\" class=\"aligncenter size-full wp-image-15065\" src=\"http:\/\/www.wumingfoundation.com\/giap\/wp-content\/uploads\/2013\/12\/granarolo.jpg\" alt=\"Lavoratori Granarolo in lotta\" width=\"500\" height=\"375\" \/><\/p>\n<p>L&#8217;adesione pi\u00f9 recente al progetto FICO \u00e8 quella di Granarolo \u2013 la cooperativa del latte obiettivo delle <a href=\"http:\/\/www.sicobas.org\/index.php?option=com_content&amp;view=article&amp;id=1478:picchetto-alla-granarolo-bo-la-lotta-dei-facchini-continua&amp;catid=9:newsflash&amp;Itemid=97\">coraggiose proteste dei lavoratori migranti<\/a> sottoposti a supersfruttamento e riduzioni salariali in seguito ai processi di esternalizzazione e precarizzazione della logistica. Ed \u00e8 questa adesione, con tutto il suo carico di spudoratezza (Granarolo user\u00e0 per il FICO i soldi risparmiati sui facchini?), che mi consente di lasciare la parte descrittiva per elencare, in tre rapidi punti, gli obiettivi sistemici della Disneyland del cibo.<\/p>\n<p><span style=\"text-decoration: underline;\">Primo obiettivo:<\/span> affermare che <strong>qualsiasi lavoro va bene<\/strong> e che, come dice <strong>Matteo Renzi<\/strong>, <a href=\"http:\/\/www.ilfattoquotidiano.it\/2013\/10\/27\/leopolda-renzi-se-sinistra-non-cambia-e-di-destra-berlusconi-no-parliamo-di-futuro\/757959\/\">\u00e8 di sinistra creare lavoro, non parlarne<\/a>. Dunque i faraoni erano di sinistra, creando lavoro per il <i>Parco Tematico Le Piramidi<\/i>: da tenere presente.<br \/>\nIl legame insistito e ripetuto con EXPO 2015 (FICO aprir\u00e0 appena chiude EXPO) si porta dietro, a mio parere, anche i contratti resi possibili dal governo per la manifestazione milanese: 80% di assunzioni a tempo determinato, stage a 516 euro al mese (corrispondenti a un impegno orario scrupolosamente occultato in tutti i documenti ufficiali), apprendistato per l&#8217;incredibile profilo di \u201coperatore di grandi eventi\u201d e cos\u00ec via. Letta, di questi contratti, si \u00e8 precipitato a dire che possono diventare \u00ab<a href=\"http:\/\/cerca.unita.it\/ARCHIVE\/xml\/2570000\/2565058.xml?key=f.l.&amp;first=21&amp;orderby=1&amp;f=fir&amp;dbt=arc\">un modello nazionale<\/a>\u00bb. Perch\u00e9 non iniziare dal FICO?<\/p>\n<p><img loading=\"lazy\" decoding=\"async\" class=\"aligncenter\" src=\"http:\/\/www.wumingfoundation.com\/giap\/wp-content\/uploads\/2013\/12\/expo.jpg\" alt=\"Expo\" width=\"500\" height=\"332\" \/><\/p>\n<p>In ogni caso, contratti EXPO o meno, sono convinto che il saldo occupazionale del FICO a pieno regime sar\u00e0 comunque negativo, con una distruzione di posti di lavoro nella ristorazione, l&#8217;agricoltura vera, la didattica sul territorio, l&#8217;ospitalit\u00e0 diffusa&#8230; Piccoli e piccolissimi operatori, quindi: quelli di cui ai nostri decisori non frega proprio un fico secco.<\/p>\n<p><span style=\"text-decoration: underline;\">Secondo obiettivo:<\/span> alla Coop e in generale alla GDO sta sfuggendo di mano la questione della qualit\u00e0 del cibo, del biologico e una certa renaissance contadina che, pur con fatica, \u00e8 in atto. Particolarmente a Bologna, dove gran parte dei mercati contadini sono gestiti da Campi Aperti, associazione che si batte contro <a href=\"http:\/\/www.autistici.org\/campiaperti\/genuino-clandestino\/\">le normative punitive per i piccoli produttori<\/a>, vende nei Centri Sociali e fa dell&#8217;agricoltura biologica, a filiera corta e a prevalenza di manodopera sui macchinari, una pratica politica radicale. Per contro: il carisma Farinettiano, la seduzione banalizzante della \u201ctipicit\u00e0\u201d incarnata da Slow Food e la potenza di fuoco economico del FICO sono gli strumenti con cui Coop punta a riconquistare l&#8217;egemonia sulla <b>produzione di senso attraverso il cibo<\/b>. Come poi questo venga coltivato e venduto &#8211; e da chi e dove \u2013 \u00e8 questione che importa ben poco: stay muto e mangia.<\/p>\n<p style=\"text-align: center;\"><img loading=\"lazy\" decoding=\"async\" class=\"aligncenter size-full wp-image-15054\" src=\"http:\/\/www.wumingfoundation.com\/giap\/wp-content\/uploads\/2013\/12\/Renzi_Farinetti.jpg\" alt=\"Renzi e Farinetti\" width=\"500\" height=\"375\" \/><\/p>\n<p><span style=\"text-decoration: underline;\">Terzo obiettivo:<\/span> Matteo Renzi, nel suo scarno <a href=\"http:\/\/www.matteorenzi.it\/wp-content\/uploads\/2013\/10\/renzi-documentocongressuale.pdf\">programma<\/a>, scrive che \u00abnel mondo c&#8217;\u00e8 [\u2026] voglia di visitare l\u2019Italia, voglia di mangiare italiano, voglia di vestire italiano. Ci sono imprenditori bravissimi che sono riusciti a portare l\u2019Italia nel mondo e far crescere il desiderio di Italia. Noi dobbiamo solo aiutarli\u00bb. L&#8217;idea di Renzi, probabilmente condivisa dalla sua sponsor Merkel, \u00e8 quella di un&#8217;Italia proiettata quasi esclusivamente su ricettivit\u00e0 turistica ed export alimentare, e quindi interamente dipendente dai flussi di denaro dei paesi pi\u00f9 forti. Con tutta evidenza <b>Eataly e il FICO <\/b><i><b>sono <\/b><\/i><b>il programma economico di Renzi<\/b>, e questo sar\u00e0 realizzato da lavoratori <em>hungry<\/em> per le paghe misere e <em>foolish<\/em> a comando come animatori dei parchi tematici.<\/p>\n<p>Ma voglio, in conclusione, darvi una buona notizia che viene da CAAB: le mense delle basi militari NATO in Sud Europa saranno <a href=\"http:\/\/www.corriereortofrutticolo.it\/content\/dal-caab-partir\u00e0-lortofrutta-le-basi-nato-nel-mediterraneo\">rifornite dalla piattaforma logistica bolognese,<\/a> grazie all&#8217;appalto vinto da un&#8217;azienda il cui presidente \u00e8 addirittura membro del CdA CAAB. Insomma, anche se non dovesse decollare il FICO, decolleranno piloti nutriti con i prodotti, eccellenti per definizione, dell&#8217;agroalimentare italiano. E le loro bombe saranno morbidi cachi e deliziosi fiori di zucca.<\/p>\n<div id=\"attachment_15093\" style=\"width: 510px\" class=\"wp-caption aligncenter\"><a href=\"http:\/\/www.ecn.org\/xm24\/1947\/meryxm-e-trame-urbane-presentano-expopolis-il-grande-gioco-di-milano-2015\"><img loading=\"lazy\" decoding=\"async\" aria-describedby=\"caption-attachment-15093\" class=\"size-full wp-image-15093\" src=\"http:\/\/www.wumingfoundation.com\/giap\/wp-content\/uploads\/2013\/12\/1664.jpg\" alt=\"Expopolis\" width=\"500\" height=\"706\" \/><\/a><p id=\"caption-attachment-15093\" class=\"wp-caption-text\">Approfittiamo del post per segnalare quest&#8217;iniziativa. Stasera alla Bolognina. Si parler\u00e0 di Expo 2015 a Milano, e quindi anche di FICO.<\/p><\/div>\n<p style=\"text-align: center;\">\n","protected":false},"excerpt":{"rendered":"di Wolf Bukowski (guest blogger) Nonostante Bologna vanti il secondo Apple Store per grandezza d&#8217;Italia e sia dunque ben avvezza agli immortali precetti dello \u00abstay hungry, stay foolish\u00bb, ha la pretesa, per entusiasmarsi, di vederli declinati in qualcosa di pi\u00f9 familiare. Tipo, per capirci: fatti una bella mangiata e sparale grosse. Ecco: cos\u00ec funziona. E [&hellip;]","protected":false},"author":1,"featured_media":15039,"comment_status":"closed","ping_status":"open","sticky":false,"template":"","format":"standard","meta":{"footnotes":""},"categories":[8,1943],"tags":[142,1935,1937,1939,1940,1942,1932,1941,1936,1934,2197,1933,1938,1433,2367],"class_list":["post-15037","post","type-post","status-publish","format-standard","has-post-thumbnail","hentry","category-editoriali","category-inchieste","tag-bologna","tag-caab","tag-coop","tag-eataly","tag-eataly-world","tag-expo-2015","tag-fico","tag-fico-bologna","tag-granarolo","tag-matteo-renzi","tag-orrori-del-pd","tag-oscar-farinetti","tag-slow-food","tag-virginio-merola","tag-wolf-bukowski"],"yoast_head":"<!-- This site is optimized with the Yoast SEO plugin v27.4 - https:\/\/yoast.com\/product\/yoast-seo-wordpress\/ -->\n<title>FICO Bologna. Foolish, hungry e muti, arrivano Renzi e Farinetti<\/title>\n<meta name=\"description\" content=\"FICO Bologna. Oscar Farinetti \u00e8 abituato a trovare porte spalancate dalle amministrazioni che condividono la sua foolishness...\" \/>\n<meta name=\"robots\" content=\"index, follow, max-snippet:-1, max-image-preview:large, max-video-preview:-1\" \/>\n<link rel=\"canonical\" href=\"https:\/\/www.wumingfoundation.com\/giap\/2013\/12\/stay-hungry-stay-fico-oscar-farinetti-e-la-disneyland-del-cibo-a-bologna-eataly\/\" \/>\n<meta property=\"og:locale\" content=\"it_IT\" \/>\n<meta property=\"og:type\" content=\"article\" \/>\n<meta property=\"og:title\" content=\"FICO Bologna. Foolish, hungry e muti, arrivano Renzi e Farinetti\" \/>\n<meta property=\"og:description\" content=\"FICO Bologna. Oscar Farinetti \u00e8 abituato a trovare porte spalancate dalle amministrazioni che condividono la sua foolishness...\" \/>\n<meta property=\"og:url\" content=\"https:\/\/www.wumingfoundation.com\/giap\/2013\/12\/stay-hungry-stay-fico-oscar-farinetti-e-la-disneyland-del-cibo-a-bologna-eataly\/\" \/>\n<meta property=\"og:site_name\" content=\"Giap\" \/>\n<meta property=\"article:published_time\" content=\"2013-12-04T07:00:46+00:00\" \/>\n<meta property=\"article:modified_time\" content=\"2023-09-22T08:30:21+00:00\" \/>\n<meta property=\"og:image\" content=\"https:\/\/www.wumingfoundation.com\/giap\/wp-content\/uploads\/2013\/12\/fico.jpg\" \/>\n\t<meta property=\"og:image:width\" content=\"500\" \/>\n\t<meta property=\"og:image:height\" content=\"385\" \/>\n\t<meta property=\"og:image:type\" content=\"image\/jpeg\" \/>\n<meta name=\"author\" content=\"Wu Ming\" \/>\n<meta name=\"twitter:card\" content=\"summary_large_image\" \/>\n<meta name=\"twitter:creator\" content=\"@Wu_Ming_Foundt\" \/>\n<meta name=\"twitter:site\" content=\"@Wu_Ming_Foundt\" \/>\n<meta name=\"twitter:label1\" content=\"Scritto da\" \/>\n\t<meta name=\"twitter:data1\" content=\"Wu Ming\" \/>\n\t<meta name=\"twitter:label2\" content=\"Tempo di lettura stimato\" \/>\n\t<meta name=\"twitter:data2\" content=\"12 minuti\" \/>\n<script type=\"application\/ld+json\" class=\"yoast-schema-graph\">{\"@context\":\"https:\\\/\\\/schema.org\",\"@graph\":[{\"@type\":\"Article\",\"@id\":\"https:\\\/\\\/www.wumingfoundation.com\\\/giap\\\/2013\\\/12\\\/stay-hungry-stay-fico-oscar-farinetti-e-la-disneyland-del-cibo-a-bologna-eataly\\\/#article\",\"isPartOf\":{\"@id\":\"https:\\\/\\\/www.wumingfoundation.com\\\/giap\\\/2013\\\/12\\\/stay-hungry-stay-fico-oscar-farinetti-e-la-disneyland-del-cibo-a-bologna-eataly\\\/\"},\"author\":{\"name\":\"Wu Ming\",\"@id\":\"https:\\\/\\\/www.wumingfoundation.com\\\/giap\\\/#\\\/schema\\\/person\\\/881b1c925aaf48fe6eb5c3970be4458f\"},\"headline\":\"Stay FICO, Stay Hungry. Oscar Farinetti e la \u00abDisneyland del cibo\u00bb a #Bologna, Eataly\",\"datePublished\":\"2013-12-04T07:00:46+00:00\",\"dateModified\":\"2023-09-22T08:30:21+00:00\",\"mainEntityOfPage\":{\"@id\":\"https:\\\/\\\/www.wumingfoundation.com\\\/giap\\\/2013\\\/12\\\/stay-hungry-stay-fico-oscar-farinetti-e-la-disneyland-del-cibo-a-bologna-eataly\\\/\"},\"wordCount\":1884,\"image\":{\"@id\":\"https:\\\/\\\/www.wumingfoundation.com\\\/giap\\\/2013\\\/12\\\/stay-hungry-stay-fico-oscar-farinetti-e-la-disneyland-del-cibo-a-bologna-eataly\\\/#primaryimage\"},\"thumbnailUrl\":\"https:\\\/\\\/www.wumingfoundation.com\\\/giap\\\/wp-content\\\/uploads\\\/2013\\\/12\\\/fico.jpg\",\"keywords\":[\"Bologna\",\"CAAB\",\"Coop\",\"Eataly\",\"Eataly World\",\"Expo 2015\",\"FICO\",\"FICO Bologna\",\"Granarolo\",\"Matteo Renzi\",\"Orrori del PD\",\"Oscar Farinetti\",\"Slow Food\",\"Virginio Merola\",\"Wolf Bukowski\"],\"articleSection\":[\"Esternazioni\",\"Inchieste\"],\"inLanguage\":\"it-IT\"},{\"@type\":\"WebPage\",\"@id\":\"https:\\\/\\\/www.wumingfoundation.com\\\/giap\\\/2013\\\/12\\\/stay-hungry-stay-fico-oscar-farinetti-e-la-disneyland-del-cibo-a-bologna-eataly\\\/\",\"url\":\"https:\\\/\\\/www.wumingfoundation.com\\\/giap\\\/2013\\\/12\\\/stay-hungry-stay-fico-oscar-farinetti-e-la-disneyland-del-cibo-a-bologna-eataly\\\/\",\"name\":\"FICO Bologna. Foolish, hungry e muti, arrivano Renzi e Farinetti\",\"isPartOf\":{\"@id\":\"https:\\\/\\\/www.wumingfoundation.com\\\/giap\\\/#website\"},\"primaryImageOfPage\":{\"@id\":\"https:\\\/\\\/www.wumingfoundation.com\\\/giap\\\/2013\\\/12\\\/stay-hungry-stay-fico-oscar-farinetti-e-la-disneyland-del-cibo-a-bologna-eataly\\\/#primaryimage\"},\"image\":{\"@id\":\"https:\\\/\\\/www.wumingfoundation.com\\\/giap\\\/2013\\\/12\\\/stay-hungry-stay-fico-oscar-farinetti-e-la-disneyland-del-cibo-a-bologna-eataly\\\/#primaryimage\"},\"thumbnailUrl\":\"https:\\\/\\\/www.wumingfoundation.com\\\/giap\\\/wp-content\\\/uploads\\\/2013\\\/12\\\/fico.jpg\",\"datePublished\":\"2013-12-04T07:00:46+00:00\",\"dateModified\":\"2023-09-22T08:30:21+00:00\",\"author\":{\"@id\":\"https:\\\/\\\/www.wumingfoundation.com\\\/giap\\\/#\\\/schema\\\/person\\\/881b1c925aaf48fe6eb5c3970be4458f\"},\"description\":\"FICO Bologna. Oscar Farinetti \u00e8 abituato a trovare porte spalancate dalle amministrazioni che condividono la sua foolishness...\",\"breadcrumb\":{\"@id\":\"https:\\\/\\\/www.wumingfoundation.com\\\/giap\\\/2013\\\/12\\\/stay-hungry-stay-fico-oscar-farinetti-e-la-disneyland-del-cibo-a-bologna-eataly\\\/#breadcrumb\"},\"inLanguage\":\"it-IT\",\"potentialAction\":[{\"@type\":\"ReadAction\",\"target\":[\"https:\\\/\\\/www.wumingfoundation.com\\\/giap\\\/2013\\\/12\\\/stay-hungry-stay-fico-oscar-farinetti-e-la-disneyland-del-cibo-a-bologna-eataly\\\/\"]}]},{\"@type\":\"ImageObject\",\"inLanguage\":\"it-IT\",\"@id\":\"https:\\\/\\\/www.wumingfoundation.com\\\/giap\\\/2013\\\/12\\\/stay-hungry-stay-fico-oscar-farinetti-e-la-disneyland-del-cibo-a-bologna-eataly\\\/#primaryimage\",\"url\":\"https:\\\/\\\/www.wumingfoundation.com\\\/giap\\\/wp-content\\\/uploads\\\/2013\\\/12\\\/fico.jpg\",\"contentUrl\":\"https:\\\/\\\/www.wumingfoundation.com\\\/giap\\\/wp-content\\\/uploads\\\/2013\\\/12\\\/fico.jpg\",\"width\":500,\"height\":385},{\"@type\":\"BreadcrumbList\",\"@id\":\"https:\\\/\\\/www.wumingfoundation.com\\\/giap\\\/2013\\\/12\\\/stay-hungry-stay-fico-oscar-farinetti-e-la-disneyland-del-cibo-a-bologna-eataly\\\/#breadcrumb\",\"itemListElement\":[{\"@type\":\"ListItem\",\"position\":1,\"name\":\"Home\",\"item\":\"https:\\\/\\\/www.wumingfoundation.com\\\/giap\\\/\"},{\"@type\":\"ListItem\",\"position\":2,\"name\":\"Stay FICO, Stay Hungry. Oscar Farinetti e la \u00abDisneyland del cibo\u00bb a #Bologna, Eataly\"}]},{\"@type\":\"WebSite\",\"@id\":\"https:\\\/\\\/www.wumingfoundation.com\\\/giap\\\/#website\",\"url\":\"https:\\\/\\\/www.wumingfoundation.com\\\/giap\\\/\",\"name\":\"Giap\",\"description\":\"Il sito ufficiale di Wu Ming, collettivo di scrittori\",\"potentialAction\":[{\"@type\":\"SearchAction\",\"target\":{\"@type\":\"EntryPoint\",\"urlTemplate\":\"https:\\\/\\\/www.wumingfoundation.com\\\/giap\\\/?s={search_term_string}\"},\"query-input\":{\"@type\":\"PropertyValueSpecification\",\"valueRequired\":true,\"valueName\":\"search_term_string\"}}],\"inLanguage\":\"it-IT\"},{\"@type\":\"Person\",\"@id\":\"https:\\\/\\\/www.wumingfoundation.com\\\/giap\\\/#\\\/schema\\\/person\\\/881b1c925aaf48fe6eb5c3970be4458f\",\"name\":\"Wu Ming\",\"image\":{\"@type\":\"ImageObject\",\"inLanguage\":\"it-IT\",\"@id\":\"https:\\\/\\\/secure.gravatar.com\\\/avatar\\\/1f49001124f0d5b3aeb1d387dbd89e7b48de4c5c15539460ec1c154566c1723c?s=96&d=blank&r=g\",\"url\":\"https:\\\/\\\/secure.gravatar.com\\\/avatar\\\/1f49001124f0d5b3aeb1d387dbd89e7b48de4c5c15539460ec1c154566c1723c?s=96&d=blank&r=g\",\"contentUrl\":\"https:\\\/\\\/secure.gravatar.com\\\/avatar\\\/1f49001124f0d5b3aeb1d387dbd89e7b48de4c5c15539460ec1c154566c1723c?s=96&d=blank&r=g\",\"caption\":\"Wu Ming\"}}]}<\/script>\n<!-- \/ Yoast SEO plugin. -->","yoast_head_json":{"title":"FICO Bologna. Foolish, hungry e muti, arrivano Renzi e Farinetti","description":"FICO Bologna. Oscar Farinetti \u00e8 abituato a trovare porte spalancate dalle amministrazioni che condividono la sua foolishness...","robots":{"index":"index","follow":"follow","max-snippet":"max-snippet:-1","max-image-preview":"max-image-preview:large","max-video-preview":"max-video-preview:-1"},"canonical":"https:\/\/www.wumingfoundation.com\/giap\/2013\/12\/stay-hungry-stay-fico-oscar-farinetti-e-la-disneyland-del-cibo-a-bologna-eataly\/","og_locale":"it_IT","og_type":"article","og_title":"FICO Bologna. Foolish, hungry e muti, arrivano Renzi e Farinetti","og_description":"FICO Bologna. Oscar Farinetti \u00e8 abituato a trovare porte spalancate dalle amministrazioni che condividono la sua foolishness...","og_url":"https:\/\/www.wumingfoundation.com\/giap\/2013\/12\/stay-hungry-stay-fico-oscar-farinetti-e-la-disneyland-del-cibo-a-bologna-eataly\/","og_site_name":"Giap","article_published_time":"2013-12-04T07:00:46+00:00","article_modified_time":"2023-09-22T08:30:21+00:00","og_image":[{"width":500,"height":385,"url":"https:\/\/www.wumingfoundation.com\/giap\/wp-content\/uploads\/2013\/12\/fico.jpg","type":"image\/jpeg"}],"author":"Wu Ming","twitter_card":"summary_large_image","twitter_creator":"@Wu_Ming_Foundt","twitter_site":"@Wu_Ming_Foundt","twitter_misc":{"Scritto da":"Wu Ming","Tempo di lettura stimato":"12 minuti"},"schema":{"@context":"https:\/\/schema.org","@graph":[{"@type":"Article","@id":"https:\/\/www.wumingfoundation.com\/giap\/2013\/12\/stay-hungry-stay-fico-oscar-farinetti-e-la-disneyland-del-cibo-a-bologna-eataly\/#article","isPartOf":{"@id":"https:\/\/www.wumingfoundation.com\/giap\/2013\/12\/stay-hungry-stay-fico-oscar-farinetti-e-la-disneyland-del-cibo-a-bologna-eataly\/"},"author":{"name":"Wu Ming","@id":"https:\/\/www.wumingfoundation.com\/giap\/#\/schema\/person\/881b1c925aaf48fe6eb5c3970be4458f"},"headline":"Stay FICO, Stay Hungry. Oscar Farinetti e la \u00abDisneyland del cibo\u00bb a #Bologna, Eataly","datePublished":"2013-12-04T07:00:46+00:00","dateModified":"2023-09-22T08:30:21+00:00","mainEntityOfPage":{"@id":"https:\/\/www.wumingfoundation.com\/giap\/2013\/12\/stay-hungry-stay-fico-oscar-farinetti-e-la-disneyland-del-cibo-a-bologna-eataly\/"},"wordCount":1884,"image":{"@id":"https:\/\/www.wumingfoundation.com\/giap\/2013\/12\/stay-hungry-stay-fico-oscar-farinetti-e-la-disneyland-del-cibo-a-bologna-eataly\/#primaryimage"},"thumbnailUrl":"https:\/\/www.wumingfoundation.com\/giap\/wp-content\/uploads\/2013\/12\/fico.jpg","keywords":["Bologna","CAAB","Coop","Eataly","Eataly World","Expo 2015","FICO","FICO Bologna","Granarolo","Matteo Renzi","Orrori del PD","Oscar Farinetti","Slow Food","Virginio Merola","Wolf Bukowski"],"articleSection":["Esternazioni","Inchieste"],"inLanguage":"it-IT"},{"@type":"WebPage","@id":"https:\/\/www.wumingfoundation.com\/giap\/2013\/12\/stay-hungry-stay-fico-oscar-farinetti-e-la-disneyland-del-cibo-a-bologna-eataly\/","url":"https:\/\/www.wumingfoundation.com\/giap\/2013\/12\/stay-hungry-stay-fico-oscar-farinetti-e-la-disneyland-del-cibo-a-bologna-eataly\/","name":"FICO Bologna. Foolish, hungry e muti, arrivano Renzi e Farinetti","isPartOf":{"@id":"https:\/\/www.wumingfoundation.com\/giap\/#website"},"primaryImageOfPage":{"@id":"https:\/\/www.wumingfoundation.com\/giap\/2013\/12\/stay-hungry-stay-fico-oscar-farinetti-e-la-disneyland-del-cibo-a-bologna-eataly\/#primaryimage"},"image":{"@id":"https:\/\/www.wumingfoundation.com\/giap\/2013\/12\/stay-hungry-stay-fico-oscar-farinetti-e-la-disneyland-del-cibo-a-bologna-eataly\/#primaryimage"},"thumbnailUrl":"https:\/\/www.wumingfoundation.com\/giap\/wp-content\/uploads\/2013\/12\/fico.jpg","datePublished":"2013-12-04T07:00:46+00:00","dateModified":"2023-09-22T08:30:21+00:00","author":{"@id":"https:\/\/www.wumingfoundation.com\/giap\/#\/schema\/person\/881b1c925aaf48fe6eb5c3970be4458f"},"description":"FICO Bologna. Oscar Farinetti \u00e8 abituato a trovare porte spalancate dalle amministrazioni che condividono la sua foolishness...","breadcrumb":{"@id":"https:\/\/www.wumingfoundation.com\/giap\/2013\/12\/stay-hungry-stay-fico-oscar-farinetti-e-la-disneyland-del-cibo-a-bologna-eataly\/#breadcrumb"},"inLanguage":"it-IT","potentialAction":[{"@type":"ReadAction","target":["https:\/\/www.wumingfoundation.com\/giap\/2013\/12\/stay-hungry-stay-fico-oscar-farinetti-e-la-disneyland-del-cibo-a-bologna-eataly\/"]}]},{"@type":"ImageObject","inLanguage":"it-IT","@id":"https:\/\/www.wumingfoundation.com\/giap\/2013\/12\/stay-hungry-stay-fico-oscar-farinetti-e-la-disneyland-del-cibo-a-bologna-eataly\/#primaryimage","url":"https:\/\/www.wumingfoundation.com\/giap\/wp-content\/uploads\/2013\/12\/fico.jpg","contentUrl":"https:\/\/www.wumingfoundation.com\/giap\/wp-content\/uploads\/2013\/12\/fico.jpg","width":500,"height":385},{"@type":"BreadcrumbList","@id":"https:\/\/www.wumingfoundation.com\/giap\/2013\/12\/stay-hungry-stay-fico-oscar-farinetti-e-la-disneyland-del-cibo-a-bologna-eataly\/#breadcrumb","itemListElement":[{"@type":"ListItem","position":1,"name":"Home","item":"https:\/\/www.wumingfoundation.com\/giap\/"},{"@type":"ListItem","position":2,"name":"Stay FICO, Stay Hungry. Oscar Farinetti e la \u00abDisneyland del cibo\u00bb a #Bologna, Eataly"}]},{"@type":"WebSite","@id":"https:\/\/www.wumingfoundation.com\/giap\/#website","url":"https:\/\/www.wumingfoundation.com\/giap\/","name":"Giap","description":"Il sito ufficiale di Wu Ming, collettivo di scrittori","potentialAction":[{"@type":"SearchAction","target":{"@type":"EntryPoint","urlTemplate":"https:\/\/www.wumingfoundation.com\/giap\/?s={search_term_string}"},"query-input":{"@type":"PropertyValueSpecification","valueRequired":true,"valueName":"search_term_string"}}],"inLanguage":"it-IT"},{"@type":"Person","@id":"https:\/\/www.wumingfoundation.com\/giap\/#\/schema\/person\/881b1c925aaf48fe6eb5c3970be4458f","name":"Wu Ming","image":{"@type":"ImageObject","inLanguage":"it-IT","@id":"https:\/\/secure.gravatar.com\/avatar\/1f49001124f0d5b3aeb1d387dbd89e7b48de4c5c15539460ec1c154566c1723c?s=96&d=blank&r=g","url":"https:\/\/secure.gravatar.com\/avatar\/1f49001124f0d5b3aeb1d387dbd89e7b48de4c5c15539460ec1c154566c1723c?s=96&d=blank&r=g","contentUrl":"https:\/\/secure.gravatar.com\/avatar\/1f49001124f0d5b3aeb1d387dbd89e7b48de4c5c15539460ec1c154566c1723c?s=96&d=blank&r=g","caption":"Wu Ming"}}]}},"_links":{"self":[{"href":"https:\/\/www.wumingfoundation.com\/giap\/wp-json\/wp\/v2\/posts\/15037","targetHints":{"allow":["GET"]}}],"collection":[{"href":"https:\/\/www.wumingfoundation.com\/giap\/wp-json\/wp\/v2\/posts"}],"about":[{"href":"https:\/\/www.wumingfoundation.com\/giap\/wp-json\/wp\/v2\/types\/post"}],"author":[{"embeddable":true,"href":"https:\/\/www.wumingfoundation.com\/giap\/wp-json\/wp\/v2\/users\/1"}],"replies":[{"embeddable":true,"href":"https:\/\/www.wumingfoundation.com\/giap\/wp-json\/wp\/v2\/comments?post=15037"}],"version-history":[{"count":3,"href":"https:\/\/www.wumingfoundation.com\/giap\/wp-json\/wp\/v2\/posts\/15037\/revisions"}],"predecessor-version":[{"id":53434,"href":"https:\/\/www.wumingfoundation.com\/giap\/wp-json\/wp\/v2\/posts\/15037\/revisions\/53434"}],"wp:featuredmedia":[{"embeddable":true,"href":"https:\/\/www.wumingfoundation.com\/giap\/wp-json\/wp\/v2\/media\/15039"}],"wp:attachment":[{"href":"https:\/\/www.wumingfoundation.com\/giap\/wp-json\/wp\/v2\/media?parent=15037"}],"wp:term":[{"taxonomy":"category","embeddable":true,"href":"https:\/\/www.wumingfoundation.com\/giap\/wp-json\/wp\/v2\/categories?post=15037"},{"taxonomy":"post_tag","embeddable":true,"href":"https:\/\/www.wumingfoundation.com\/giap\/wp-json\/wp\/v2\/tags?post=15037"}],"curies":[{"name":"wp","href":"https:\/\/api.w.org\/{rel}","templated":true}]}}