{"id":1336,"date":"2010-09-23T00:00:22","date_gmt":"2010-09-22T22:00:22","guid":{"rendered":"http:\/\/www.wumingfoundation.com\/giap\/?p=1336"},"modified":"2010-09-23T09:30:00","modified_gmt":"2010-09-23T07:30:00","slug":"basta-uno-sparo","status":"publish","type":"post","link":"https:\/\/www.wumingfoundation.com\/giap\/2010\/09\/basta-uno-sparo\/","title":{"rendered":"Basta uno sparo"},"content":{"rendered":"<p style=\"text-align: center;\"><img loading=\"lazy\" decoding=\"async\" class=\"aligncenter size-full wp-image-1348\" title=\"0002-gm0041-bis\" src=\"http:\/\/www.wumingfoundation.com\/giap\/wp-content\/uploads\/2010\/09\/0002-gm0041-bis.jpg\" alt=\"\" width=\"569\" height=\"341\" \/><\/p>\n<p>Sabato 18 settembre, al festival <strong>Marina Caf\u00e9 Noir<\/strong> di Cagliari, Wu Ming 2 ha presentato in anteprima <a href=\"http:\/\/www.transeuropaedizioni.it\/?Page=libro.php&amp;id_libro=102\"><em>Basta uno sparo &#8211; storia di un partigiano italo somalo nella Resistenza italiana<\/em><\/a>, pubblicato dalla collana <em>Inaudita<\/em> delle edizioni Transeuropa. Si tratta di un libro + CD, contenente i testi del reading <em>Razza Partigiana <\/em>e l&#8217;audio dello <a href=\"http:\/\/www.arcoiris.tv\/modules.php?name=Flash&amp;d_op=getit&amp;id=12070\">spettacolo<\/a> registrato in studio insieme a Egle Sommacal (chitarre), Paul Pieretto (basso, tastiere ed elettronica), Federico Oppi (batteria e percussioni) e Stefano Pilia (chitarra). Il CD che accompagna il libro \u00e8 <a href=\"http:\/\/www.wumingfoundation.com\/giap\/?p=736\">lo stesso<\/a> che prima dell&#8217;estate usc\u00ec in allegato con la rivista <em>Loop.<\/em><\/p>\n<p>Il tutto sar\u00e0 nelle librerie a partire da questa settimana, e speriamo possa restituire anche a chi non c&#8217;era la grande emozione della serata di Cagliari, dentro una piazza San Sepolcro stracolma di gente, in un silenzio inedito per quello che in fondo \u00e8 un concerto rock, ancorch\u00e9 parlato: solo gli applausi rompevano il filo tra una lettura e l&#8217;altra.<\/p>\n<p>Di seguito riportiamo due brani dal testo di WM2 che introduce il volume, subito dopo la prefazione di Carlo Costa e Lorenzo Teodonio, autori del saggio <a href=\"http:\/\/www.razzapartigiana.it\"><em>Razza Partigiana &#8211; storia di Giorgio Marincola<\/em><\/a>, senza il quale questo spettacolo non avrebbe mai visto la luce.<!--more--><\/p>\n<p>\u00abHo conosciuto Antar Mohamed a Villa Baruzziana, una vecchia clinica per malattie nervose, sul fianco di un colle che guarda Bologna. Frequentavamo lo stesso matto: lui come assistente, io come amico. Era l\u2019estate del 2003, lo avevano ricoverato dopo una crisi e noi facevamo i turni per stargli vicino.<\/p>\n<p>Una sera, mentre l\u2019afa del pomeriggio colpisce ancora, Antar viene a darmi il cambio con una cartelletta sotto braccio. Dentro ci sono pochi fogli e una grande storia: quella di suo zio, Giorgio Marincola, partigiano di origine somala, ucciso dai nazisti in Val di Fiemme.<br \/>\nIn una mezz\u2019ora scarsa, di fretta, raccolgo schegge di racconto, le guardo schizzare attorno e ancora non immagino che mi resteranno conficcate addosso per sempre.<br \/>\nPi\u00f9 tardi, sdraiato sul pavimento di casa in cerca di fresco, leggo i documenti della cartelletta. Un paio di articoli, scritti dallo stesso Antar per piccole riviste locali, e qualche fotocopia sottolineata, dove si parla di \u201cun mulatto\u201d nelle file della Resistenza: a Roma, a Biella, in Trentino.<br \/>\nButto qualche parola chiave in un motore di ricerca e ottengo un solo risultato: sul sito del Quirinale, il nome Giorgio Marincola compare tra i decorati con la Medaglia d\u2019Oro al Valor Militare:<\/p>\n<p><em> <\/em><\/p>\n<p><em>Giovane studente universitario, subito dopo l&#8217;armistizio partecipava alla lotta di Liberazione, molto distinguendosi nelle formazioni clandestine romane per decisione, per capacit\u00e0, per ardimento. Dopo la liberazione della Capitale, desideroso di continuare la lotta, entrava a far parte di una missione militare e nell&#8217;agosto 1944 veniva paracadutato nel Biellese. Rendeva preziosi servizi nel campo organizzativo e in quello informativo ed in numerosi scontri a fuoco dimostrava ferma decisione e leggendario coraggio, riportando ferite. Caduto in mani nemiche e costretto a parlare per propaganda alla radio, per quanto dovesse aspettarsi rappresaglie estreme, con fermo cuore coglieva occasione per esaltare la fedelt\u00e0 al legittimo governo. Dopo dura prigionia, liberato da una missione alleata, rifiutava di porsi in salvo attraverso la Svizzera e preferiva impugnare ancora le armi, insieme ai partigiani trentini. Cadeva da prode in uno scontro con le SS germaniche, quando la lotta per la libert\u00e0 era ormai vittoriosamente conclusa.<\/em><\/p>\n<p>\u201cGiovane studente universitario\u201d, \u201crendeva preziosi servizi\u201d, \u201ccadeva da prode\u201d&#8230; La lingua di  ferro delle onorificenze non fa cenno alle origini africane di Giorgio, n\u00e9 tanto meno al colore della pelle, che certo non gli fu d\u2019aiuto nella vita clandestina.<br \/>\nMi domando il motivo di una simile rimozione e subito la attribuisco a un egualitarismo insipido. Gli eroi son tutti giovani e belli, canterebbe Guccini. Cosa importa se questo Marincola era bianco o nero, comunista o liberale, somalo o italiano? I partigiani, nella retorica degli alzabandiera, sono patrioti dal leggendario coraggio, punto e basta. Epiteti lisci come un cippo di marmo, pieno di ettolitri di aria fritta. Perch\u00e9 il coraggio \u00e8 parola vuota &#8211; altro che leggenda &#8211; se non si dice cosa lo alimentava e in quali vene si mescolava col sangue.<\/p>\n<p>La medaglia venne conferita nel 1953, con un decreto firmato da Alcide De Gasperi. Era il tempo dell\u2019AFIS, l\u2019Amministrazione Fiduciaria Italiana in Somalia, un decennio durante il quale l\u2019Italia, su incarico delle Nazioni Unite, doveva aiutare l\u2019ex-colonia a diventare una democrazia. Giorgio Marincola, in un contesto del genere, poteva essere il simbolo dei nuovi rapporti tra i due paesi, un eroe perfetto per l\u2019et\u00e0 postcoloniale. Invece De Gasperi &amp; soci non seppero che farsene e in fondo non c\u2019\u00e8 da sorprendersi. I soliti malpensanti sostengono che la sigla AFIS alludesse a un obiettivo ben diverso dalla democrazia: Ancora Fascisti Italiani in Somalia.<br \/>\nL\u2019unica via intitolata a Marincola,  in un quartiere di Biella, \u00e8 stata battezzata cos\u00ec solo negli anni Sessanta.<br \/>\nUna medaglia postuma, un po\u2019 di retorica e una targa stradale in cima a un palo. Nient\u2019altro.<br \/>\nPossibile che un individuo cos\u00ec particolare abbia lasciato una traccia tanto esile?<br \/>\nQuale damnatio memoriae si \u00e8 abbattuta sul partigiano nero di Mahadaay Weyn?<\/p>\n<p>[&#8230;]<\/p>\n<p>Torniamo a casa e trovo in mailbox un messaggio sibillino di Lorenzo Teodonio. Oggetto: \u201cGianfranco Fini scopre Giorgio Marincola\u201d. Nel testo, in caratteri blu, soltanto il link a <a href=\"http:\/\/www.ffwebmagazine.it\/ffw\/page.asp?VisImg=S&amp;Art=1429&amp;Cat=1&amp;I=immagini\/PERSONAGGI\/marincola_int.gif&amp;IdTipo=0&amp;TitoloBlocco=Il%20Personaggio&amp;Codi_Cate_Arti=45\">un articolo<\/a> sul magazine on-line di FareFuturo.<br \/>\nTitolo: \u201cGiorgio Marincola, la libert\u00e0 non ha colore.\u201d Occhiello: \u201cIl partigiano italo-somalo che combatt\u00e9 per la terra dove non era nato.\u201d<br \/>\nInizio la lettura, curioso di scoprire cosa piace, alla destra italiana postfascista, del nostro partigiano nero.<br \/>\nDi sicuro, il fatto che non fosse comunista, ma questo gi\u00e0 lo so e mi sforzo di cogliere tra le righe altri elementi.<br \/>\nAzzurra Provenzale, l\u2019autrice del pezzo, parla del  \u201cdramma della sua doppia identit\u00e0, di un destino difficile in una societ\u00e0 dove i \u201cmeticci\u201d non venivano riconosciuti, seguita con scelte di appartenenza molto nette: la militanza antifascista in quanto giovane italiano\u201d<br \/>\nL\u2019impressione \u00e8 che chi scrive abbia in testa un modello per gli immigrati di oggi, la ricetta per farsi accettare e non essere pi\u00f9 fattori di disturbo. Crisi d\u2019identit\u00e0, spaesamento e problemi di integrazione si risolvono con l\u2019appartenenza netta, il patriottismo, la militanza italiana.<br \/>\nMa io davvero non direi che Giorgio Marincola era in guerra col fascismo \u201cin quanto giovane italiano\u201d. Quando i nazisti lo catturarono dalle parti di Biella e lo costrinsero a parlare alla radio, gli chiesero perch\u00e9 avesse deciso di combattere a fianco di inglesi e italiani, cio\u00e8 i colonialisti che opprimevano la sua Patria. A quella domanda, Giorgio rispose che la Patria non \u00e8 un colore sulla mappa, ma un ideale di libert\u00e0. Non disse: \u201cQuale Patria? La  Somalia? Io sono italiano\u201d. Piuttosto, si dichiar\u00f2 cittadino del mondo, nemico del colonialismo non come negazione di una Patria, ma come rifiuto di una libera cittadinanza, dispositivo che genera individui di seconda categoria.<br \/>\nRivendic\u00f2 in poche parole il suo essere un cittadino senza Stato, come gli apolidi di cui parla Agamben nel suo saggio del 1996, <em>Al di l\u00e0 dei diritti dell\u2019uomo<\/em>. Persone che fanno parte di una nazione ma che non le appartengono. Cittadini perch\u00e9 partecipi di una comunit\u00e0 allargata, al di l\u00e0 delle carte e della burocrazia. Giorgio Marincola, figlio di un militare di carriera, fu esentato dal servizio di leva perch\u00e9 meticcio, eppure imbracci\u00f2 un fucile per combattere i fascisti. Isabella Marincola, sua sorella, venne cacciata di casa a vent\u2019anni e si ritrov\u00f2 sempre fuori posto: in Italia fino al 1960, poi per trent\u2019anni a Mogadiscio, poi di nuovo in Italia, dopo la caduta di Siad Barre, come rifugiata e profuga. Antar Mohamed, suo figlio, scelse a diciott\u2019anni di essere cittadino somalo, poi straniero col permesso di soggiorno in Italia, poi cittadino italiano nato in Somalia, ma che in Somalia non pu\u00f2 tornare. Apolidi, esiliati, profughi, clandestini: uomini e donne che preparano il futuro, con la loro capacit\u00e0 di stare insieme oltre l\u2019appartenenza, di essere cittadini senza Stato, di fare politica oltre la polis.<br \/>\nSorrido. Ecco di cosa ci parla, oggi, l\u2019anomalia normale di Giorgio Marincola e della sua resistenza. Ecco perch\u00e9 la sua storia smette di essere un\u2019eccezione e diventa esemplare. E io l\u2019ho scoperto, alla fine, grazie a un articolo di FareFuturo.\u00bb<\/p>\n<p>P.S. In questo post avremmo voluto parlare di un&#8217;altra uscita imminente, sempre in formato libro + CD, sempre per una piccola &#8211; in questo caso <a href=\"http:\/\/www.vincentbooks.com\/\">neonata<\/a> &#8211; casa editrice. Al momento, per\u00f2, non sappiamo con precisione quando arriver\u00e0 in libreria e preferiamo attendere notizie pi\u00f9 sicure.<\/p>\n<table style=\"width: 90%; text-align: left; margin-left: auto; margin-right: auto;\" border=\"0\" cellspacing=\"2\" cellpadding=\"1\">\n<tbody>\n<tr>\n<td style=\"text-align: center;\">\n<h5><span style=\"font-weight: bold;\"><em>Giorno di pioggia alle fosse<\/em><br \/>\n(Testo di Lia Albertelli, moglie di Pilo Albertelli, professore di Giorgio Marincola<br \/>\nal Liceo Umberto I di Roma, trucidato<br \/>\nalle Fosse Ardeatine)<br \/>\n3:04<\/span><\/h5>\n<\/td>\n<td style=\"width: 10%; text-align: center;\">[mp3_embed playlst=&#8221;http:\/\/www.wumingfoundation.com\/suoni\/WM2_Razza_Partigiana_Giorno_di_pioggia_alle_fosse.mp3&#8243;]<\/td>\n<\/tr>\n<\/tbody>\n<\/table>\n<h5 style=\"text-align: center;\"><a href=\"http:\/\/www.wumingfoundation.com\/suoni\/WM2_Razza_Partigiana_Giorno_di_pioggia_alle_fosse.mp3\"><strong>Scarica l&#8217;mp3 (4.4 mega)<\/strong><\/a><\/h5>\n","protected":false},"excerpt":{"rendered":"Sabato 18 settembre, al festival Marina Caf\u00e9 Noir di Cagliari, Wu Ming 2 ha presentato in anteprima Basta uno sparo &#8211; storia di un partigiano italo somalo nella Resistenza italiana, pubblicato dalla collana Inaudita delle edizioni Transeuropa. Si tratta di un libro + CD, contenente i testi del reading Razza Partigiana e l&#8217;audio dello spettacolo [&hellip;]","protected":false},"author":44,"featured_media":1348,"comment_status":"closed","ping_status":"open","sticky":false,"template":"","format":"standard","meta":{"footnotes":""},"categories":[455,4,6,5],"tags":[452,269,271,454,266,453,270,267,275,185,224,447],"class_list":["post-1336","post","type-post","status-publish","format-standard","has-post-thumbnail","hentry","category-razzapartigiana","category-recensioni","category-news-e-segnalazioni","category-transmedia","tag-carlo-costa","tag-egle-sommacal","tag-federico-oppi","tag-giorgio-agamben","tag-giorgio-marincola","tag-lorenzo-teodonio","tag-paul-pieretto","tag-razza-partigiana","tag-reading","tag-resistenza","tag-stefano-pilia","tag-transeuropa"],"yoast_head":"<!-- This site is optimized with the Yoast SEO plugin v27.4 - https:\/\/yoast.com\/product\/yoast-seo-wordpress\/ -->\n<title>Basta uno sparo - Giap<\/title>\n<meta name=\"robots\" content=\"index, follow, max-snippet:-1, max-image-preview:large, max-video-preview:-1\" \/>\n<link rel=\"canonical\" href=\"https:\/\/www.wumingfoundation.com\/giap\/2010\/09\/basta-uno-sparo\/\" \/>\n<meta property=\"og:locale\" content=\"it_IT\" \/>\n<meta property=\"og:type\" content=\"article\" \/>\n<meta property=\"og:title\" content=\"Basta uno sparo - Giap\" \/>\n<meta property=\"og:description\" content=\"Sabato 18 settembre, al festival Marina Caf\u00e9 Noir di Cagliari, Wu Ming 2 ha presentato in anteprima Basta uno sparo &#8211; storia di un partigiano italo somalo nella Resistenza italiana, pubblicato dalla collana Inaudita delle edizioni Transeuropa. Si tratta di un libro + CD, contenente i testi del reading Razza Partigiana e l&#8217;audio dello spettacolo [&hellip;]\" \/>\n<meta property=\"og:url\" content=\"https:\/\/www.wumingfoundation.com\/giap\/2010\/09\/basta-uno-sparo\/\" \/>\n<meta property=\"og:site_name\" content=\"Giap\" \/>\n<meta property=\"article:published_time\" content=\"2010-09-22T22:00:22+00:00\" \/>\n<meta property=\"article:modified_time\" content=\"2010-09-23T07:30:00+00:00\" \/>\n<meta property=\"og:image\" content=\"https:\/\/www.wumingfoundation.com\/giap\/wp-content\/uploads\/2010\/09\/0002-gm0041-bis.jpg\" \/>\n\t<meta property=\"og:image:width\" content=\"569\" \/>\n\t<meta property=\"og:image:height\" content=\"341\" \/>\n\t<meta property=\"og:image:type\" content=\"image\/jpeg\" \/>\n<meta name=\"author\" content=\"Wu Ming 2\" \/>\n<meta name=\"twitter:card\" content=\"summary_large_image\" \/>\n<meta name=\"twitter:creator\" content=\"@Wu_Ming_Foundt\" \/>\n<meta name=\"twitter:site\" content=\"@Wu_Ming_Foundt\" \/>\n<meta name=\"twitter:label1\" content=\"Scritto da\" \/>\n\t<meta name=\"twitter:data1\" content=\"Wu Ming 2\" \/>\n\t<meta name=\"twitter:label2\" content=\"Tempo di lettura stimato\" \/>\n\t<meta name=\"twitter:data2\" content=\"7 minuti\" \/>\n<script type=\"application\/ld+json\" class=\"yoast-schema-graph\">{\"@context\":\"https:\\\/\\\/schema.org\",\"@graph\":[{\"@type\":\"Article\",\"@id\":\"https:\\\/\\\/www.wumingfoundation.com\\\/giap\\\/2010\\\/09\\\/basta-uno-sparo\\\/#article\",\"isPartOf\":{\"@id\":\"https:\\\/\\\/www.wumingfoundation.com\\\/giap\\\/2010\\\/09\\\/basta-uno-sparo\\\/\"},\"author\":{\"name\":\"Wu Ming 2\",\"@id\":\"https:\\\/\\\/www.wumingfoundation.com\\\/giap\\\/#\\\/schema\\\/person\\\/f3c43d7ffa31996d560ff94e1cba5eca\"},\"headline\":\"Basta uno sparo\",\"datePublished\":\"2010-09-22T22:00:22+00:00\",\"dateModified\":\"2010-09-23T07:30:00+00:00\",\"mainEntityOfPage\":{\"@id\":\"https:\\\/\\\/www.wumingfoundation.com\\\/giap\\\/2010\\\/09\\\/basta-uno-sparo\\\/\"},\"wordCount\":1468,\"image\":{\"@id\":\"https:\\\/\\\/www.wumingfoundation.com\\\/giap\\\/2010\\\/09\\\/basta-uno-sparo\\\/#primaryimage\"},\"thumbnailUrl\":\"https:\\\/\\\/www.wumingfoundation.com\\\/giap\\\/wp-content\\\/uploads\\\/2010\\\/09\\\/0002-gm0041-bis.jpg\",\"keywords\":[\"Carlo Costa\",\"Egle Sommacal\",\"Federico Oppi\",\"Giorgio Agamben\",\"Giorgio Marincola\",\"Lorenzo Teodonio\",\"Paul Pieretto\",\"Razza Partigiana\",\"Reading\",\"Resistenza\",\"Stefano Pilia\",\"Transeuropa\"],\"articleSection\":[\"Basta uno sparo \\\/ Razza partigiana\",\"Libri\",\"Notizie\",\"Transmedia\"],\"inLanguage\":\"it-IT\"},{\"@type\":\"WebPage\",\"@id\":\"https:\\\/\\\/www.wumingfoundation.com\\\/giap\\\/2010\\\/09\\\/basta-uno-sparo\\\/\",\"url\":\"https:\\\/\\\/www.wumingfoundation.com\\\/giap\\\/2010\\\/09\\\/basta-uno-sparo\\\/\",\"name\":\"Basta uno sparo - Giap\",\"isPartOf\":{\"@id\":\"https:\\\/\\\/www.wumingfoundation.com\\\/giap\\\/#website\"},\"primaryImageOfPage\":{\"@id\":\"https:\\\/\\\/www.wumingfoundation.com\\\/giap\\\/2010\\\/09\\\/basta-uno-sparo\\\/#primaryimage\"},\"image\":{\"@id\":\"https:\\\/\\\/www.wumingfoundation.com\\\/giap\\\/2010\\\/09\\\/basta-uno-sparo\\\/#primaryimage\"},\"thumbnailUrl\":\"https:\\\/\\\/www.wumingfoundation.com\\\/giap\\\/wp-content\\\/uploads\\\/2010\\\/09\\\/0002-gm0041-bis.jpg\",\"datePublished\":\"2010-09-22T22:00:22+00:00\",\"dateModified\":\"2010-09-23T07:30:00+00:00\",\"author\":{\"@id\":\"https:\\\/\\\/www.wumingfoundation.com\\\/giap\\\/#\\\/schema\\\/person\\\/f3c43d7ffa31996d560ff94e1cba5eca\"},\"breadcrumb\":{\"@id\":\"https:\\\/\\\/www.wumingfoundation.com\\\/giap\\\/2010\\\/09\\\/basta-uno-sparo\\\/#breadcrumb\"},\"inLanguage\":\"it-IT\",\"potentialAction\":[{\"@type\":\"ReadAction\",\"target\":[\"https:\\\/\\\/www.wumingfoundation.com\\\/giap\\\/2010\\\/09\\\/basta-uno-sparo\\\/\"]}]},{\"@type\":\"ImageObject\",\"inLanguage\":\"it-IT\",\"@id\":\"https:\\\/\\\/www.wumingfoundation.com\\\/giap\\\/2010\\\/09\\\/basta-uno-sparo\\\/#primaryimage\",\"url\":\"https:\\\/\\\/www.wumingfoundation.com\\\/giap\\\/wp-content\\\/uploads\\\/2010\\\/09\\\/0002-gm0041-bis.jpg\",\"contentUrl\":\"https:\\\/\\\/www.wumingfoundation.com\\\/giap\\\/wp-content\\\/uploads\\\/2010\\\/09\\\/0002-gm0041-bis.jpg\",\"width\":569,\"height\":341},{\"@type\":\"BreadcrumbList\",\"@id\":\"https:\\\/\\\/www.wumingfoundation.com\\\/giap\\\/2010\\\/09\\\/basta-uno-sparo\\\/#breadcrumb\",\"itemListElement\":[{\"@type\":\"ListItem\",\"position\":1,\"name\":\"Home\",\"item\":\"https:\\\/\\\/www.wumingfoundation.com\\\/giap\\\/\"},{\"@type\":\"ListItem\",\"position\":2,\"name\":\"Basta uno sparo\"}]},{\"@type\":\"WebSite\",\"@id\":\"https:\\\/\\\/www.wumingfoundation.com\\\/giap\\\/#website\",\"url\":\"https:\\\/\\\/www.wumingfoundation.com\\\/giap\\\/\",\"name\":\"Giap\",\"description\":\"Il sito ufficiale di Wu Ming, collettivo di scrittori\",\"potentialAction\":[{\"@type\":\"SearchAction\",\"target\":{\"@type\":\"EntryPoint\",\"urlTemplate\":\"https:\\\/\\\/www.wumingfoundation.com\\\/giap\\\/?s={search_term_string}\"},\"query-input\":{\"@type\":\"PropertyValueSpecification\",\"valueRequired\":true,\"valueName\":\"search_term_string\"}}],\"inLanguage\":\"it-IT\"},{\"@type\":\"Person\",\"@id\":\"https:\\\/\\\/www.wumingfoundation.com\\\/giap\\\/#\\\/schema\\\/person\\\/f3c43d7ffa31996d560ff94e1cba5eca\",\"name\":\"Wu Ming 2\",\"image\":{\"@type\":\"ImageObject\",\"inLanguage\":\"it-IT\",\"@id\":\"https:\\\/\\\/secure.gravatar.com\\\/avatar\\\/d63e960df9f6cf3ac3a1c626713f7b755664610b67bca6c6e49710257e90c03b?s=96&d=blank&r=g\",\"url\":\"https:\\\/\\\/secure.gravatar.com\\\/avatar\\\/d63e960df9f6cf3ac3a1c626713f7b755664610b67bca6c6e49710257e90c03b?s=96&d=blank&r=g\",\"contentUrl\":\"https:\\\/\\\/secure.gravatar.com\\\/avatar\\\/d63e960df9f6cf3ac3a1c626713f7b755664610b67bca6c6e49710257e90c03b?s=96&d=blank&r=g\",\"caption\":\"Wu Ming 2\"},\"sameAs\":[\"http:\\\/\\\/www.wumingfoundation.com\"]}]}<\/script>\n<!-- \/ Yoast SEO plugin. -->","yoast_head_json":{"title":"Basta uno sparo - Giap","robots":{"index":"index","follow":"follow","max-snippet":"max-snippet:-1","max-image-preview":"max-image-preview:large","max-video-preview":"max-video-preview:-1"},"canonical":"https:\/\/www.wumingfoundation.com\/giap\/2010\/09\/basta-uno-sparo\/","og_locale":"it_IT","og_type":"article","og_title":"Basta uno sparo - Giap","og_description":"Sabato 18 settembre, al festival Marina Caf\u00e9 Noir di Cagliari, Wu Ming 2 ha presentato in anteprima Basta uno sparo &#8211; storia di un partigiano italo somalo nella Resistenza italiana, pubblicato dalla collana Inaudita delle edizioni Transeuropa. Si tratta di un libro + CD, contenente i testi del reading Razza Partigiana e l&#8217;audio dello spettacolo [&hellip;]","og_url":"https:\/\/www.wumingfoundation.com\/giap\/2010\/09\/basta-uno-sparo\/","og_site_name":"Giap","article_published_time":"2010-09-22T22:00:22+00:00","article_modified_time":"2010-09-23T07:30:00+00:00","og_image":[{"width":569,"height":341,"url":"https:\/\/www.wumingfoundation.com\/giap\/wp-content\/uploads\/2010\/09\/0002-gm0041-bis.jpg","type":"image\/jpeg"}],"author":"Wu Ming 2","twitter_card":"summary_large_image","twitter_creator":"@Wu_Ming_Foundt","twitter_site":"@Wu_Ming_Foundt","twitter_misc":{"Scritto da":"Wu Ming 2","Tempo di lettura stimato":"7 minuti"},"schema":{"@context":"https:\/\/schema.org","@graph":[{"@type":"Article","@id":"https:\/\/www.wumingfoundation.com\/giap\/2010\/09\/basta-uno-sparo\/#article","isPartOf":{"@id":"https:\/\/www.wumingfoundation.com\/giap\/2010\/09\/basta-uno-sparo\/"},"author":{"name":"Wu Ming 2","@id":"https:\/\/www.wumingfoundation.com\/giap\/#\/schema\/person\/f3c43d7ffa31996d560ff94e1cba5eca"},"headline":"Basta uno sparo","datePublished":"2010-09-22T22:00:22+00:00","dateModified":"2010-09-23T07:30:00+00:00","mainEntityOfPage":{"@id":"https:\/\/www.wumingfoundation.com\/giap\/2010\/09\/basta-uno-sparo\/"},"wordCount":1468,"image":{"@id":"https:\/\/www.wumingfoundation.com\/giap\/2010\/09\/basta-uno-sparo\/#primaryimage"},"thumbnailUrl":"https:\/\/www.wumingfoundation.com\/giap\/wp-content\/uploads\/2010\/09\/0002-gm0041-bis.jpg","keywords":["Carlo Costa","Egle Sommacal","Federico Oppi","Giorgio Agamben","Giorgio Marincola","Lorenzo Teodonio","Paul Pieretto","Razza Partigiana","Reading","Resistenza","Stefano Pilia","Transeuropa"],"articleSection":["Basta uno sparo \/ Razza partigiana","Libri","Notizie","Transmedia"],"inLanguage":"it-IT"},{"@type":"WebPage","@id":"https:\/\/www.wumingfoundation.com\/giap\/2010\/09\/basta-uno-sparo\/","url":"https:\/\/www.wumingfoundation.com\/giap\/2010\/09\/basta-uno-sparo\/","name":"Basta uno sparo - Giap","isPartOf":{"@id":"https:\/\/www.wumingfoundation.com\/giap\/#website"},"primaryImageOfPage":{"@id":"https:\/\/www.wumingfoundation.com\/giap\/2010\/09\/basta-uno-sparo\/#primaryimage"},"image":{"@id":"https:\/\/www.wumingfoundation.com\/giap\/2010\/09\/basta-uno-sparo\/#primaryimage"},"thumbnailUrl":"https:\/\/www.wumingfoundation.com\/giap\/wp-content\/uploads\/2010\/09\/0002-gm0041-bis.jpg","datePublished":"2010-09-22T22:00:22+00:00","dateModified":"2010-09-23T07:30:00+00:00","author":{"@id":"https:\/\/www.wumingfoundation.com\/giap\/#\/schema\/person\/f3c43d7ffa31996d560ff94e1cba5eca"},"breadcrumb":{"@id":"https:\/\/www.wumingfoundation.com\/giap\/2010\/09\/basta-uno-sparo\/#breadcrumb"},"inLanguage":"it-IT","potentialAction":[{"@type":"ReadAction","target":["https:\/\/www.wumingfoundation.com\/giap\/2010\/09\/basta-uno-sparo\/"]}]},{"@type":"ImageObject","inLanguage":"it-IT","@id":"https:\/\/www.wumingfoundation.com\/giap\/2010\/09\/basta-uno-sparo\/#primaryimage","url":"https:\/\/www.wumingfoundation.com\/giap\/wp-content\/uploads\/2010\/09\/0002-gm0041-bis.jpg","contentUrl":"https:\/\/www.wumingfoundation.com\/giap\/wp-content\/uploads\/2010\/09\/0002-gm0041-bis.jpg","width":569,"height":341},{"@type":"BreadcrumbList","@id":"https:\/\/www.wumingfoundation.com\/giap\/2010\/09\/basta-uno-sparo\/#breadcrumb","itemListElement":[{"@type":"ListItem","position":1,"name":"Home","item":"https:\/\/www.wumingfoundation.com\/giap\/"},{"@type":"ListItem","position":2,"name":"Basta uno sparo"}]},{"@type":"WebSite","@id":"https:\/\/www.wumingfoundation.com\/giap\/#website","url":"https:\/\/www.wumingfoundation.com\/giap\/","name":"Giap","description":"Il sito ufficiale di Wu Ming, collettivo di scrittori","potentialAction":[{"@type":"SearchAction","target":{"@type":"EntryPoint","urlTemplate":"https:\/\/www.wumingfoundation.com\/giap\/?s={search_term_string}"},"query-input":{"@type":"PropertyValueSpecification","valueRequired":true,"valueName":"search_term_string"}}],"inLanguage":"it-IT"},{"@type":"Person","@id":"https:\/\/www.wumingfoundation.com\/giap\/#\/schema\/person\/f3c43d7ffa31996d560ff94e1cba5eca","name":"Wu Ming 2","image":{"@type":"ImageObject","inLanguage":"it-IT","@id":"https:\/\/secure.gravatar.com\/avatar\/d63e960df9f6cf3ac3a1c626713f7b755664610b67bca6c6e49710257e90c03b?s=96&d=blank&r=g","url":"https:\/\/secure.gravatar.com\/avatar\/d63e960df9f6cf3ac3a1c626713f7b755664610b67bca6c6e49710257e90c03b?s=96&d=blank&r=g","contentUrl":"https:\/\/secure.gravatar.com\/avatar\/d63e960df9f6cf3ac3a1c626713f7b755664610b67bca6c6e49710257e90c03b?s=96&d=blank&r=g","caption":"Wu Ming 2"},"sameAs":["http:\/\/www.wumingfoundation.com"]}]}},"_links":{"self":[{"href":"https:\/\/www.wumingfoundation.com\/giap\/wp-json\/wp\/v2\/posts\/1336","targetHints":{"allow":["GET"]}}],"collection":[{"href":"https:\/\/www.wumingfoundation.com\/giap\/wp-json\/wp\/v2\/posts"}],"about":[{"href":"https:\/\/www.wumingfoundation.com\/giap\/wp-json\/wp\/v2\/types\/post"}],"author":[{"embeddable":true,"href":"https:\/\/www.wumingfoundation.com\/giap\/wp-json\/wp\/v2\/users\/44"}],"replies":[{"embeddable":true,"href":"https:\/\/www.wumingfoundation.com\/giap\/wp-json\/wp\/v2\/comments?post=1336"}],"version-history":[{"count":0,"href":"https:\/\/www.wumingfoundation.com\/giap\/wp-json\/wp\/v2\/posts\/1336\/revisions"}],"wp:featuredmedia":[{"embeddable":true,"href":"https:\/\/www.wumingfoundation.com\/giap\/wp-json\/wp\/v2\/media\/1348"}],"wp:attachment":[{"href":"https:\/\/www.wumingfoundation.com\/giap\/wp-json\/wp\/v2\/media?parent=1336"}],"wp:term":[{"taxonomy":"category","embeddable":true,"href":"https:\/\/www.wumingfoundation.com\/giap\/wp-json\/wp\/v2\/categories?post=1336"},{"taxonomy":"post_tag","embeddable":true,"href":"https:\/\/www.wumingfoundation.com\/giap\/wp-json\/wp\/v2\/tags?post=1336"}],"curies":[{"name":"wp","href":"https:\/\/api.w.org\/{rel}","templated":true}]}}