{"id":12873,"date":"2013-04-30T08:00:40","date_gmt":"2013-04-30T06:00:40","guid":{"rendered":"http:\/\/www.wumingfoundation.com\/giap\/?p=12873"},"modified":"2013-06-20T19:02:00","modified_gmt":"2013-06-20T17:02:00","slug":"nya","status":"publish","type":"post","link":"https:\/\/www.wumingfoundation.com\/giap\/2013\/04\/nya\/","title":{"rendered":"Oggi esce \u00abPoint Lenana\u00bb. Prime recensioni e un&#8217;anteprima dal libro"},"content":{"rendered":"<div id=\"attachment_12877\" style=\"width: 510px\" class=\"wp-caption aligncenter\"><img loading=\"lazy\" decoding=\"async\" aria-describedby=\"caption-attachment-12877\" class=\"size-full wp-image-12877\" alt=\"Cecilia, Paul e Gideon\" src=\"http:\/\/www.wumingfoundation.com\/giap\/wp-content\/uploads\/2013\/04\/cecilia_paul_gideon.jpg\" width=\"500\" height=\"375\" \/><p id=\"caption-attachment-12877\" class=\"wp-caption-text\">Alba del 27 gennaio 2010: WM1, Cecilia, Paul e Gideon sulla Punta Lenana del Monte Kenya. Foto di Roberto Santachiara.<\/p><\/div>\n<h5 style=\"text-align: justify;\">[<em>Point Lenana<\/em> esce oggi e in rete cominciano ad apparire commenti e recensioni. Segnaliamo in particolare l&#8217;articolo di Luca Barbieri <a href=\"http:\/\/www.anordestdiche.com\/senza-categoria\/point-lenana-le-vette-della-razza\/\"><em>\u00abPoint Lenana<\/em>, le vette della razza\u00bb<\/a>. Qui sotto, un brano in anteprima, tratto dalla prima parte del libro, \u00abLa scoperta, il cammino (2009-2010)\u00bb. Oggi <a href=\"http:\/\/bora.la\/2013\/04\/29\/wu-ming-1-presenta-in-anteprima-assoluta-a-trieste-il-suo-ultimo-libro-%E2%80%9Cpoint-lenana\/\">presentiamo il libro a Trieste<\/a>, domani a Genova, l&#8217;8 maggio a Bologna, il 9 a Mogliano Veneto, il 10 a Belluno, l&#8217;11 a Treviso e si prosegue fino a ottobre. <a href=\"http:\/\/www.wumingfoundation.com\/giap\/?p=12635\">Qui il calendario completo<\/a> delle presentazioni di maggio e giugno, le altre seguiranno.]<!--more--><br \/>\n<span style=\"color: #ffffff;\">&#8211;<\/span><\/h5>\n<div id=\"attachment_12878\" style=\"width: 217px\" class=\"wp-caption alignright\"><img loading=\"lazy\" decoding=\"async\" aria-describedby=\"caption-attachment-12878\" class=\"size-full wp-image-12878 \" style=\"margin-left: 3px; margin-right: 3px;\" alt=\"Karen Blixen\" src=\"http:\/\/www.wumingfoundation.com\/giap\/wp-content\/uploads\/2013\/04\/Karen_Blixen_w_kids.jpg\" width=\"207\" height=\"263\" \/><p id=\"caption-attachment-12878\" class=\"wp-caption-text\">Karen Blixen<\/p><\/div>\n<p style=\"text-align: justify;\">Durante le notti seminsonni sulla montagna, ogni tanto mi era tornata in mente la femmina di camaleonte vista alla casa-museo di <strong>Karen Blixen<\/strong>. Pensavo a quel laccetto bianco che le impediva di diventare parte dell\u2019ambiente, di fuggire cambiando colore. Come mai quell\u2019immagine mi era rimasta tanto impressa?<\/p>\n<p style=\"text-align: justify;\">Nelle narrazioni incentrate sul \u00abmal d\u2019Africa\u00bb, sulla nostalgia coloniale o neocoloniale, c\u2019era una pulsione utopica molto vicina a quella dei racconti di alpinismo. Il continente nero aveva una connotazione simile a quella della montagna: in Africa l\u2019europeo viveva un tempo pi\u00fa fluido, pi\u00fa disteso, e spesso il ricordo struggente era associato all\u2019altura, al \u00abverso su\u00bb, alla sconfinatezza del cielo, allo sguardo che abbracciava un panorama nitido e puro.<br \/>\nIn un celebre passaggio di <em>La mia Africa<\/em>, Karen Blixen aveva scritto:<\/p>\n<blockquote><p>Il tratto pi\u00fa caratteristico del paesaggio, e della vita lass\u00fa, era l\u2019aria. Ricordando un periodo passato sugli altipiani d\u2019Africa, si ha la sensazione sconcertante di essere vissuti nell\u2019aria. Il cielo era di solito celeste pallido o violetto, solcato da nubi maestose, senza peso, in continuo mutamento, erte come torri; ma aveva in s\u00e9 un tale vigore d\u2019azzurro da colorare anche i boschi, e le colline accanto, di una tinta fresca e profonda.<br \/>\nNel pieno del giorno l\u2019aria, in alto, era viva come una fiamma: scintillava, ondeggiava e splendeva come acqua che scorre, specchiando e raddoppiando tutti gli oggetti, creando grandi miraggi. Lass\u00fa si respirava bene, si sorbiva coraggio di vita e leggerezza di cuore. Ci si svegliava, la mattina sugli altipiani, e si pensava: \u00abEccomi, questo \u00e8 il mio posto\u00bb.<\/p><\/blockquote>\n<p style=\"text-align: justify;\">Solo che il \u00absuo\u00bb posto erano tremila ettari di terra rubati ai G\u0129k\u0169y\u0169, di cui trecento coltivati a caff\u00e8. Certo, Karen era magnanima coi suoi fittavoli, curava di persona i malati, aveva aperto una scuola per bambini G\u0129k\u0169y\u0169. Meglio essere <em>squatter<\/em> sul \u00absuo\u00bb terreno che su quelli di altri. Ma i suoi scritti sull\u2019Africa erano permeati di senso di superiorit\u00e0: anche se ne deplorava i risvolti pi\u00fa \u00abantipatici\u00bb, Blixen non metteva mai in discussione la gerarchia presuntamente \u00abnaturale\u00bb tra bianchi e neri, l\u2019ordine sociale e razziale che giustificava il \u00abpeccato originale\u00bb del furto di terra, quello che nessuna condotta filantropica avrebbe mai potuto compensare.<br \/>\nNella prefazione a <em>Facing Mount Kenya<\/em>, <strong>Jomo Kenyatta<\/strong> si era scagliato contro<\/p>\n<blockquote><p><img loading=\"lazy\" decoding=\"async\" class=\"alignleft size-full wp-image-12879\" style=\"margin-left: 0px; margin-right: 3px;\" alt=\"Jomo Kenyatta\" src=\"http:\/\/www.wumingfoundation.com\/giap\/wp-content\/uploads\/2013\/04\/Jomo.jpg\" width=\"149\" height=\"211\" \/>quegli \u00abamici professionisti dell\u2019africano\u00bb pronti a mantenere la loro amicizia per l\u2019eternit\u00e0, come un sacro dovere, a condizione che l\u2019africano continui a far la parte del selvaggio ignorante, affinch\u00e9 loro possano monopolizzare il compito di interpretare la sua mente e parlare per lui.<br \/>\nPer gente cos\u00ed, un africano che scriva un saggio come questo sta violando il loro territorio. \u00c8 un coniglio divenuto bracconiere.<\/p><\/blockquote>\n<p style=\"text-align: justify;\">Spessissimo Blixen paragonava gli indigeni ad animali, selvaggi o domestici che fossero. Il villaggio indigeno sembrava \u00abun grappolo di tane da talpa\u00bb; i bambini G\u0129k\u0169y\u0169 \u00abse si cerca di rompere il loro guscio fanno come le formiche quando si infila uno stecco nel formicaio\u00bb; Kamante, il cuoco ragazzino, era bravo a badare ai cani perch\u00e9 \u00abriusciva a identificarsi con essi\u00bb, tanto che egli stesso serviva a tavola \u00abcome certi cani civilizzati, abituati alla compagnia dell\u2019uomo, depongono dinanzi all\u2019ospite un osso come un gran regalo\u00bb. Pi\u00fa volte la baronessa paragonava il suo amore per gli indigeni a quello per gli animali, affermava che i rapporti con gli indigeni erano pi\u00fa facili se si conosceva il comportamento delle bestie selvagge eccetera. Forse, per lei, anche insegnare a leggere e scrivere era come ammaestrare un animale per poter dire agli amici: \u00abVisto quant\u2019\u00e8 intelligente? Bravo, Fufi!\u00bb<\/p>\n<p style=\"text-align: justify;\">Del resto, anche imparando a leggere e scrivere, pi\u00fa in l\u00e0 di tanto i G\u0129k\u0169y\u0169 non sarebbero potuti andare. In <em>Ombre sull\u2019erba<\/em>, pubblicato nel 1960 mentre la decolonizzazione era gi\u00e0 in corso, Blixen aveva scritto:<\/p>\n<blockquote><p>I Kikuyu, i Kawirondo e i Wakambo, le genti che lavoravano con me alla fattoria, nella prima infanzia erano molto pi\u00fa avanti dei bambini bianchi della stessa et\u00e0, ma all\u2019improvviso si fermavano a uno stadio corrispondente a quello di un bambino europeo di nove anni. I somali erano andati pi\u00fa in l\u00e0 e avevano la mentalit\u00e0 che ha la nostra razza fra i tredici e i diciassette anni.<\/p><\/blockquote>\n<p style=\"text-align: justify;\">Dunque, anche la baronessa Blixen aveva un laccetto bianco intorno alla zampa. Una specie di memento, come un nodo al fazzoletto. Grazie a esso poteva parlare coi G\u0129k\u0169y\u0169, lavorare coi G\u0129k\u0169y\u0169, curare i G\u0129k\u0169y\u0169, ricordandosi di non superare mai la linea del colore, di non confondere beneficenza e uguaglianza, di non mettere mai in crisi la gerarchia.<br \/>\nQuando Karen era arrivata in Kenya, nel mondo dal quale proveniva i valori aristocratici erano in crisi da un pezzo, ma in Africa si poteva ancora essere baronesse, e non solo di nome, ma di fatto. Il \u00abmal d\u2019Africa\u00bb di Blixen era nostalgia per un\u2019Arcadia dove si era superiori al proprio prossimo senza inceppi n\u00e9 sensi di colpa, permettendosi anche il lusso di esser \u00abbuoni\u00bb con gli inferiori. Era nostalgia per lo status di <em>parasite in paradise<\/em>.<\/p>\n<div id=\"attachment_12898\" style=\"width: 210px\" class=\"wp-caption alignright\"><img loading=\"lazy\" decoding=\"async\" aria-describedby=\"caption-attachment-12898\" class=\"size-full wp-image-12898\" alt=\"Ngugi wa Thiong'o\" src=\"http:\/\/www.wumingfoundation.com\/giap\/wp-content\/uploads\/2013\/04\/ngugi-wa-thiong-o.jpg\" width=\"200\" height=\"223\" \/><p id=\"caption-attachment-12898\" class=\"wp-caption-text\">Ngugi wa Thiong&#8217;o<\/p><\/div>\n<p style=\"text-align: justify;\">Da tempo gli scrittori e intellettuali keniani avevano iniziato a decostruire l\u2019immaginario di Blixen. <strong>Ngugi wa Thiong\u2019o<\/strong> aveva definito <em>La mia Africa<\/em> \u00abuno dei pi\u00fa pericolosi libri sull\u2019Africa mai scritti\u00bb, proprio perch\u00e9 era un bel libro, pieno di immagini e di sogni. Proprio perch\u00e9 Blixen era stata una brava scrittrice. Ngugi era andato a dirlo a Copenaghen, nel tempio della santa, in una conferenza che aveva fatto scalpore. E <strong>Dominic Odipo<\/strong> aveva scritto: \u00abI danni che Karen Blixen ha arrecato all\u2019immagine dell\u2019Africa agli occhi degli stranieri sono incalcolabili\u00bb, per poi aggiungere:<\/p>\n<blockquote><p>Il nome \u00abKaren\u00bb sulla mappa della nostra capitale ci rende pi\u00fa ridicoli ogni giorno che passa. Se una donna keniana fosse vissuta in Danimarca e avesse offeso i danesi nello stesso modo elaborato e insensibile in cui Blixen offese noi, Copenaghen non le avrebbe intitolato uno dei suoi pi\u00fa importanti sobborghi.<\/p><\/blockquote>\n<p style=\"text-align: justify;\">Se queste fossero esagerazioni oppure no, stabilirlo non spettava ai bianchi.<\/p>\n<p style=\"text-align: center;\"><strong>\u2042<\/strong><\/p>\n<p style=\"text-align: justify;\">La mattina del 28, dopo una marcia rilassata di appena tre ore, interamente su strada sterrata, arrivammo al Naro Moru Gate. I portatori ci fecero l\u2019applauso, noi lo facemmo a loro. James, il cuoco, mi prese in disparte e mi disse: \u2013 You made it. I saw many people comin\u2019 here thinkin\u2019 they could do it and gettin\u2019 sick. This was the first time for you and you did very good. Almost unbelievable.<br \/>\nQuando lo riferii a Roberto, comment\u00f2 cos\u00ed: \u2013 Ha ragione. Sai quanti vengono qui con la spocchia, senza rispetto per la montagna e per la gente, e se ne vanno scornati?<br \/>\nDopo la foto di gruppo, tutti sul matatu e via, verso il Naro Moru Lodge. Lungo la strada accompagnammo i portatori, uno alla volta, alle loro case. Baracche di legno col tetto di lamiera. Ad accoglierli davanti all\u2019uscio, ragazze con pargoli in grembo, fratelli minori, madri nemmeno anziane. La montagna dava da vivere a tutti loro.<br \/>\nMike ci lasci\u00f2 al Naro Moru Lodge, dove pranzammo e riposammo un paio d\u2019ore, poi torn\u00f2 a prenderci, per portarci alla riserva di Ol Peteja.<br \/>\nLa visita dur\u00f2 quattro ore. Conoscemmo Baraka, il rinoceronte nero cieco e senza corno. Lo accarezzai su una guancia, pensando a quando la mia bimba avrebbe visto la foto. Contemplammo la <em>coolness<\/em> di un ranger sdraiato sull\u2019erba, mani giunte sotto la testa a pochi centimetri dalle zampe anteriori di un rinoceronte bianco che brucava. Ammirammo zebre, occhi e orecchie di ippopotami sul pelo di acque torbide, gazzelle di Thompson, scimpanz\u00e8 che giocavano nel loro brefotrofio. Mike accompagnava spesso nostri connazionali, e conosceva il nome italiano di ogni specie: \u2013 Look, a facocero!<br \/>\nMacchie di alberi visti fin da piccolo in film e documentari, reminiscenze di esotismi anni Settanta e il cielo che sembrava tutto zenith, con nuvole in arco sulle nostre teste (una era identica alla Nuova Guinea), e gi\u00e0 prima del tramonto una luna splendida e dai bordi taglienti. Sapevo di aver contratto il mal d\u2019Africa, sapevo che ne avrei sofferto. S\u00ed, bastava una settimana o poco pi\u00fa. E la nostra settimana era stata intensa e piena come un fagotto, piena di anni e di vite. [&#8230;]<\/p>\n<p style=\"text-align: center;\"><img loading=\"lazy\" decoding=\"async\" class=\"aligncenter size-full wp-image-12884\" alt=\"Naro Moru Gate\" src=\"http:\/\/www.wumingfoundation.com\/giap\/wp-content\/uploads\/2013\/04\/Naro_Moru_Gate.jpg\" width=\"500\" height=\"375\" \/><\/p>\n<p style=\"text-align: center;\"><strong>\u2042<\/strong><\/p>\n<p style=\"text-align: justify;\">E dunque, che razza di libro \u00e8 questo?<br \/>\n\u00c8 un racconto di tanti racconti. Parla dell\u2019Africa (di tante Afriche) e delle Alpi Giulie, parla di Italia e \u00abitalianit\u00e0\u00bb, di esploratori e squadristi, di poeti e diplomatici, di guide alpine e guerriglieri. Attraversa i territori e la storia di quattro imperi.<br \/>\n\u00c8 un racconto di racconti di uomini che vagarono sui monti. Uomini che in pianura e in citt\u00e0 indossavano elmi, cotte di maglia, armature da ufficio, e solo in montagna si sentivano finalmente leggeri, finalmente s\u00e9 stessi. La montagna era tempo liberato, rubato al dover vivere, conquistato con unghie, denti e piccozza. Quando scendevano \u2013 perch\u00e9 prima o poi tocca farlo \u2013 la vita li riafferrava, la gravit\u00e0 li tirava gi\u00fa e tornavano a essere, come scrisse uno di loro che poi si tolse la vita, \u00abi falliti\u00bb. Lo furono anche nella buona sorte: qualcuno ebbe successo nella professione, gir\u00f2 il mondo, fece pi\u00fa di una bella figura in societ\u00e0, pot\u00e9 contare su una famiglia che lo amava\u2026 Eppure, nulla di tutto ci\u00f2 rimpiazzava una salita in montagna, una notte in bivacco, uscire dal rifugio e assistere in marcia al sorgere del sole.<br \/>\nTutti i giorni sognavano. Sognavano il cameratismo della cordata o la pace concentrata e acuta dell\u2019ascesa in solitaria. Tutti, senza eccezioni, sognavano il vento che sferza naso e guance mentre lo sguardo si perde dalla vetta, rivivevano l\u2019istante prima della discesa, l\u2019ultimo languore che precede la tristezza, la mancanza, il congedo dal mondo che non conosce il dover vivere.<br \/>\nQualcuno ha detto: la vita \u00e8 quel che che ti accade mentre cerchi di fare altro. Quei \u00abfalliti\u00bb siamo noi, noi che mal sopportiamo le interruzioni. \u00abFallito\u00bb \u00e8 chi scrive queste righe: che siamo alpinisti o scrittori (e a volte siamo entrambe le cose), artisti o viaggiatori, noi non riusciamo a farci comprendere, abbiamo la testa scoperchiata e il cielo dentro, vorremmo disertare il dover vivere, chiedere asilo nel mondo alternativo che ogni tanto visitiamo, ma non si pu\u00f2, perch\u00e9 la vita \u00e8 altro, la vita \u00e8 quel che irrompe e spezza il filo dei pensieri, dei sogni a occhi aperti.<br \/>\nPer riafferrare quel filo la prossima volta, o illuderci di poterlo fare, noi scriviamo. Scriviamo appunti, resoconti, lettere, a volte romanzi.<br \/>\nTra i \u00abfalliti\u00bb di cui racconteremo, la montagna fu male divenuto cura: bacillo inoculato in tenera et\u00e0, torn\u00f2 utile per lenire i traumi dell\u2019educazione rigida, della corazza da \u00abveri uomini\u00bb (quelli che non piangono e non si perdono in mollezze!), del lungo viaggio attraverso il fascismo e la guerra e, per alcuni, di una lunga prigionia, un difficile ritorno, un impossibile riadattarsi.<br \/>\nQuei traumi li accompagnarono per tutta la vita. Non si liberarono mai dell\u2019armatura, ma sui monti vissero momenti di intensa gioia, sincera autocoscienza, incorazzata lucidit\u00e0. Noi lo sappiamo perch\u00e9 ne scrissero.<br \/>\nNella scrittura e solo in essa, quegli uomini furono senza difese, e anche dove cercarono di difendersi con piccole reticenze e intenzionali lacune, affidarono ai <em>lapsus calami<\/em> le loro verit\u00e0. Ci hanno raccontato il mondo alternativo e dunque, per contrasto, il mondo del dover vivere.<br \/>\nDa qui ripartiamo. Per far tesoro della spinta che supera la \u00abbestiale acquiescenza all\u2019immediato\u00bb, e trovare noi stessi in quelle pagine.<\/p>\n<p style=\"text-align: center;\"><object width=\"500\" height=\"375\" classid=\"clsid:d27cdb6e-ae6d-11cf-96b8-444553540000\" codebase=\"http:\/\/download.macromedia.com\/pub\/shockwave\/cabs\/flash\/swflash.cab#version=6,0,40,0\"><param name=\"allowFullScreen\" value=\"true\" \/><param name=\"allowscriptaccess\" value=\"always\" \/><param name=\"src\" value=\"http:\/\/www.youtube.com\/v\/MNLrKfxHOq4?version=3&amp;hl=it_IT\" \/><param name=\"allowfullscreen\" value=\"true\" \/><embed width=\"500\" height=\"375\" type=\"application\/x-shockwave-flash\" src=\"http:\/\/www.youtube.com\/v\/MNLrKfxHOq4?version=3&amp;hl=it_IT\" allowFullScreen=\"true\" allowscriptaccess=\"always\" allowfullscreen=\"true\" \/><\/object><\/p>\n<p style=\"text-align: center;\"><strong><a href=\"http:\/\/www.libreriauniversitaria.it\/MIT\/8806210750\/ASI\/300131\">Libreria universitaria<\/a><\/strong> &#8211; <strong><a href=\"http:\/\/www.ibs.it\/code\/9788806210755\/wu-ming-1-santachiara\/point-lenana.html\">IBS<\/a><\/strong> &#8211; <strong><a href=\"http:\/\/www.unilibro.it\/libro\/wu-ming-1-santachiara-roberto\/point-lenana\/9788806210755\">Unilibro<\/a><\/strong><\/p>\n<p style=\"text-align: center;\"><strong><a href=\"http:\/\/www.inmondadori.it\/Point-Lenana-Roberto-Santachiara-Wu-Ming-1\/eai978880621075\/\">InMondadori<\/a><\/strong> &#8211; <strong><a href=\"http:\/\/www.amazon.it\/gp\/product\/8806210750\/ref=as_li_qf_sp_asin_tl?ie=UTF8&amp;camp=3370&amp;creative=23322&amp;creativeASIN=8806210750&amp;linkCode=as2&amp;tag=wumingfound09-21\">Amazon<\/a><\/strong><img loading=\"lazy\" decoding=\"async\" style=\"border: none !important; margin: 0px !important;\" alt=\"\" src=\"http:\/\/www.assoc-amazon.it\/e\/ir?t=wumingfound09-21&amp;l=as2&amp;o=29&amp;a=8806210750\" width=\"1\" height=\"1\" border=\"0\" \/> &#8211; <strong><a href=\"http:\/\/www.lafeltrinelli.it\/products\/9788806210755\/Point_Lenana_Storie_di_mal_d%27Africa_e_montagne_da_sfidare\/Wu_Ming_1.html\">LaFeltrinelli<\/a><\/strong><\/p>\n","protected":false},"excerpt":{"rendered":"[Point Lenana esce oggi e in rete cominciano ad apparire commenti e recensioni. Segnaliamo in particolare l&#8217;articolo di Luca Barbieri \u00abPoint Lenana, le vette della razza\u00bb. Qui sotto, un brano in anteprima, tratto dalla prima parte del libro, \u00abLa scoperta, il cammino (2009-2010)\u00bb. Oggi presentiamo il libro a Trieste, domani a Genova, l&#8217;8 maggio a [&hellip;]","protected":false},"author":1,"featured_media":12877,"comment_status":"closed","ping_status":"open","sticky":false,"template":"","format":"standard","meta":{"footnotes":""},"categories":[4,6,1535],"tags":[1544,1282,1696,1694,1260,1545,1695,2523],"class_list":["post-12873","post","type-post","status-publish","format-standard","has-post-thumbnail","hentry","category-recensioni","category-news-e-segnalazioni","category-point-lenana","tag-alpinismo","tag-emilio-comici","tag-jomo-kenyatta","tag-karen-blixen","tag-kenya","tag-montagna","tag-ngugi-wa-thiongo","tag-point-lenana"],"yoast_head":"<!-- This site is optimized with the Yoast SEO plugin v27.4 - https:\/\/yoast.com\/product\/yoast-seo-wordpress\/ -->\n<title>Point Lenana. Prime recensioni e un&#039;anteprima dal libro<\/title>\n<meta name=\"description\" content=\"Point Lenana esce oggi. In rete iniziano ad apparire commenti e recensioni. Segnaliamo\u00abPoint Lenana, le vette della razza\u00bb, di Luca Barbieri\" \/>\n<meta name=\"robots\" content=\"index, follow, max-snippet:-1, max-image-preview:large, max-video-preview:-1\" \/>\n<link rel=\"canonical\" href=\"https:\/\/www.wumingfoundation.com\/giap\/2013\/04\/nya\/\" \/>\n<meta property=\"og:locale\" content=\"it_IT\" \/>\n<meta property=\"og:type\" content=\"article\" \/>\n<meta property=\"og:title\" content=\"Point Lenana. Prime recensioni e un&#039;anteprima dal libro\" \/>\n<meta property=\"og:description\" content=\"Point Lenana esce oggi. In rete iniziano ad apparire commenti e recensioni. Segnaliamo\u00abPoint Lenana, le vette della razza\u00bb, di Luca Barbieri\" \/>\n<meta property=\"og:url\" content=\"https:\/\/www.wumingfoundation.com\/giap\/2013\/04\/nya\/\" \/>\n<meta property=\"og:site_name\" content=\"Giap\" \/>\n<meta property=\"article:published_time\" content=\"2013-04-30T06:00:40+00:00\" \/>\n<meta property=\"article:modified_time\" content=\"2013-06-20T17:02:00+00:00\" \/>\n<meta property=\"og:image\" content=\"https:\/\/www.wumingfoundation.com\/giap\/wp-content\/uploads\/2013\/04\/cecilia_paul_gideon.jpg\" \/>\n\t<meta property=\"og:image:width\" content=\"500\" \/>\n\t<meta property=\"og:image:height\" content=\"375\" \/>\n\t<meta property=\"og:image:type\" content=\"image\/jpeg\" \/>\n<meta name=\"author\" content=\"Wu Ming\" \/>\n<meta name=\"twitter:card\" content=\"summary_large_image\" \/>\n<meta name=\"twitter:creator\" content=\"@Wu_Ming_Foundt\" \/>\n<meta name=\"twitter:site\" content=\"@Wu_Ming_Foundt\" \/>\n<meta name=\"twitter:label1\" content=\"Scritto da\" \/>\n\t<meta name=\"twitter:data1\" content=\"Wu Ming\" \/>\n\t<meta name=\"twitter:label2\" content=\"Tempo di lettura stimato\" \/>\n\t<meta name=\"twitter:data2\" content=\"10 minuti\" \/>\n<script type=\"application\/ld+json\" class=\"yoast-schema-graph\">{\"@context\":\"https:\\\/\\\/schema.org\",\"@graph\":[{\"@type\":\"Article\",\"@id\":\"https:\\\/\\\/www.wumingfoundation.com\\\/giap\\\/2013\\\/04\\\/nya\\\/#article\",\"isPartOf\":{\"@id\":\"https:\\\/\\\/www.wumingfoundation.com\\\/giap\\\/2013\\\/04\\\/nya\\\/\"},\"author\":{\"name\":\"Wu Ming\",\"@id\":\"https:\\\/\\\/www.wumingfoundation.com\\\/giap\\\/#\\\/schema\\\/person\\\/881b1c925aaf48fe6eb5c3970be4458f\"},\"headline\":\"Oggi esce \u00abPoint Lenana\u00bb. Prime recensioni e un&#8217;anteprima dal libro\",\"datePublished\":\"2013-04-30T06:00:40+00:00\",\"dateModified\":\"2013-06-20T17:02:00+00:00\",\"mainEntityOfPage\":{\"@id\":\"https:\\\/\\\/www.wumingfoundation.com\\\/giap\\\/2013\\\/04\\\/nya\\\/\"},\"wordCount\":2056,\"image\":{\"@id\":\"https:\\\/\\\/www.wumingfoundation.com\\\/giap\\\/2013\\\/04\\\/nya\\\/#primaryimage\"},\"thumbnailUrl\":\"https:\\\/\\\/www.wumingfoundation.com\\\/giap\\\/wp-content\\\/uploads\\\/2013\\\/04\\\/cecilia_paul_gideon.jpg\",\"keywords\":[\"alpinismo\",\"Emilio Comici\",\"Jomo Kenyatta\",\"Karen Blixen\",\"Kenya\",\"montagna\",\"Ngugi wa Thiong'o\",\"Point Lenana\"],\"articleSection\":[\"Libri\",\"Notizie\",\"Point Lenana\"],\"inLanguage\":\"it-IT\"},{\"@type\":\"WebPage\",\"@id\":\"https:\\\/\\\/www.wumingfoundation.com\\\/giap\\\/2013\\\/04\\\/nya\\\/\",\"url\":\"https:\\\/\\\/www.wumingfoundation.com\\\/giap\\\/2013\\\/04\\\/nya\\\/\",\"name\":\"Point Lenana. Prime recensioni e un'anteprima dal libro\",\"isPartOf\":{\"@id\":\"https:\\\/\\\/www.wumingfoundation.com\\\/giap\\\/#website\"},\"primaryImageOfPage\":{\"@id\":\"https:\\\/\\\/www.wumingfoundation.com\\\/giap\\\/2013\\\/04\\\/nya\\\/#primaryimage\"},\"image\":{\"@id\":\"https:\\\/\\\/www.wumingfoundation.com\\\/giap\\\/2013\\\/04\\\/nya\\\/#primaryimage\"},\"thumbnailUrl\":\"https:\\\/\\\/www.wumingfoundation.com\\\/giap\\\/wp-content\\\/uploads\\\/2013\\\/04\\\/cecilia_paul_gideon.jpg\",\"datePublished\":\"2013-04-30T06:00:40+00:00\",\"dateModified\":\"2013-06-20T17:02:00+00:00\",\"author\":{\"@id\":\"https:\\\/\\\/www.wumingfoundation.com\\\/giap\\\/#\\\/schema\\\/person\\\/881b1c925aaf48fe6eb5c3970be4458f\"},\"description\":\"Point Lenana esce oggi. In rete iniziano ad apparire commenti e recensioni. Segnaliamo\u00abPoint Lenana, le vette della razza\u00bb, di Luca Barbieri\",\"breadcrumb\":{\"@id\":\"https:\\\/\\\/www.wumingfoundation.com\\\/giap\\\/2013\\\/04\\\/nya\\\/#breadcrumb\"},\"inLanguage\":\"it-IT\",\"potentialAction\":[{\"@type\":\"ReadAction\",\"target\":[\"https:\\\/\\\/www.wumingfoundation.com\\\/giap\\\/2013\\\/04\\\/nya\\\/\"]}]},{\"@type\":\"ImageObject\",\"inLanguage\":\"it-IT\",\"@id\":\"https:\\\/\\\/www.wumingfoundation.com\\\/giap\\\/2013\\\/04\\\/nya\\\/#primaryimage\",\"url\":\"https:\\\/\\\/www.wumingfoundation.com\\\/giap\\\/wp-content\\\/uploads\\\/2013\\\/04\\\/cecilia_paul_gideon.jpg\",\"contentUrl\":\"https:\\\/\\\/www.wumingfoundation.com\\\/giap\\\/wp-content\\\/uploads\\\/2013\\\/04\\\/cecilia_paul_gideon.jpg\",\"width\":500,\"height\":375,\"caption\":\"Cecilia, Paul e Gideon, alba del 27 gennaio 2010, Punta Lenana del Monte Kenya\"},{\"@type\":\"BreadcrumbList\",\"@id\":\"https:\\\/\\\/www.wumingfoundation.com\\\/giap\\\/2013\\\/04\\\/nya\\\/#breadcrumb\",\"itemListElement\":[{\"@type\":\"ListItem\",\"position\":1,\"name\":\"Home\",\"item\":\"https:\\\/\\\/www.wumingfoundation.com\\\/giap\\\/\"},{\"@type\":\"ListItem\",\"position\":2,\"name\":\"Oggi esce \u00abPoint Lenana\u00bb. Prime recensioni e un&#8217;anteprima dal libro\"}]},{\"@type\":\"WebSite\",\"@id\":\"https:\\\/\\\/www.wumingfoundation.com\\\/giap\\\/#website\",\"url\":\"https:\\\/\\\/www.wumingfoundation.com\\\/giap\\\/\",\"name\":\"Giap\",\"description\":\"Il sito ufficiale di Wu Ming, collettivo di scrittori\",\"potentialAction\":[{\"@type\":\"SearchAction\",\"target\":{\"@type\":\"EntryPoint\",\"urlTemplate\":\"https:\\\/\\\/www.wumingfoundation.com\\\/giap\\\/?s={search_term_string}\"},\"query-input\":{\"@type\":\"PropertyValueSpecification\",\"valueRequired\":true,\"valueName\":\"search_term_string\"}}],\"inLanguage\":\"it-IT\"},{\"@type\":\"Person\",\"@id\":\"https:\\\/\\\/www.wumingfoundation.com\\\/giap\\\/#\\\/schema\\\/person\\\/881b1c925aaf48fe6eb5c3970be4458f\",\"name\":\"Wu Ming\",\"image\":{\"@type\":\"ImageObject\",\"inLanguage\":\"it-IT\",\"@id\":\"https:\\\/\\\/secure.gravatar.com\\\/avatar\\\/1f49001124f0d5b3aeb1d387dbd89e7b48de4c5c15539460ec1c154566c1723c?s=96&d=blank&r=g\",\"url\":\"https:\\\/\\\/secure.gravatar.com\\\/avatar\\\/1f49001124f0d5b3aeb1d387dbd89e7b48de4c5c15539460ec1c154566c1723c?s=96&d=blank&r=g\",\"contentUrl\":\"https:\\\/\\\/secure.gravatar.com\\\/avatar\\\/1f49001124f0d5b3aeb1d387dbd89e7b48de4c5c15539460ec1c154566c1723c?s=96&d=blank&r=g\",\"caption\":\"Wu Ming\"}}]}<\/script>\n<!-- \/ Yoast SEO plugin. -->","yoast_head_json":{"title":"Point Lenana. Prime recensioni e un'anteprima dal libro","description":"Point Lenana esce oggi. In rete iniziano ad apparire commenti e recensioni. Segnaliamo\u00abPoint Lenana, le vette della razza\u00bb, di Luca Barbieri","robots":{"index":"index","follow":"follow","max-snippet":"max-snippet:-1","max-image-preview":"max-image-preview:large","max-video-preview":"max-video-preview:-1"},"canonical":"https:\/\/www.wumingfoundation.com\/giap\/2013\/04\/nya\/","og_locale":"it_IT","og_type":"article","og_title":"Point Lenana. Prime recensioni e un'anteprima dal libro","og_description":"Point Lenana esce oggi. In rete iniziano ad apparire commenti e recensioni. Segnaliamo\u00abPoint Lenana, le vette della razza\u00bb, di Luca Barbieri","og_url":"https:\/\/www.wumingfoundation.com\/giap\/2013\/04\/nya\/","og_site_name":"Giap","article_published_time":"2013-04-30T06:00:40+00:00","article_modified_time":"2013-06-20T17:02:00+00:00","og_image":[{"width":500,"height":375,"url":"https:\/\/www.wumingfoundation.com\/giap\/wp-content\/uploads\/2013\/04\/cecilia_paul_gideon.jpg","type":"image\/jpeg"}],"author":"Wu Ming","twitter_card":"summary_large_image","twitter_creator":"@Wu_Ming_Foundt","twitter_site":"@Wu_Ming_Foundt","twitter_misc":{"Scritto da":"Wu Ming","Tempo di lettura stimato":"10 minuti"},"schema":{"@context":"https:\/\/schema.org","@graph":[{"@type":"Article","@id":"https:\/\/www.wumingfoundation.com\/giap\/2013\/04\/nya\/#article","isPartOf":{"@id":"https:\/\/www.wumingfoundation.com\/giap\/2013\/04\/nya\/"},"author":{"name":"Wu Ming","@id":"https:\/\/www.wumingfoundation.com\/giap\/#\/schema\/person\/881b1c925aaf48fe6eb5c3970be4458f"},"headline":"Oggi esce \u00abPoint Lenana\u00bb. Prime recensioni e un&#8217;anteprima dal libro","datePublished":"2013-04-30T06:00:40+00:00","dateModified":"2013-06-20T17:02:00+00:00","mainEntityOfPage":{"@id":"https:\/\/www.wumingfoundation.com\/giap\/2013\/04\/nya\/"},"wordCount":2056,"image":{"@id":"https:\/\/www.wumingfoundation.com\/giap\/2013\/04\/nya\/#primaryimage"},"thumbnailUrl":"https:\/\/www.wumingfoundation.com\/giap\/wp-content\/uploads\/2013\/04\/cecilia_paul_gideon.jpg","keywords":["alpinismo","Emilio Comici","Jomo Kenyatta","Karen Blixen","Kenya","montagna","Ngugi wa Thiong'o","Point Lenana"],"articleSection":["Libri","Notizie","Point Lenana"],"inLanguage":"it-IT"},{"@type":"WebPage","@id":"https:\/\/www.wumingfoundation.com\/giap\/2013\/04\/nya\/","url":"https:\/\/www.wumingfoundation.com\/giap\/2013\/04\/nya\/","name":"Point Lenana. Prime recensioni e un'anteprima dal libro","isPartOf":{"@id":"https:\/\/www.wumingfoundation.com\/giap\/#website"},"primaryImageOfPage":{"@id":"https:\/\/www.wumingfoundation.com\/giap\/2013\/04\/nya\/#primaryimage"},"image":{"@id":"https:\/\/www.wumingfoundation.com\/giap\/2013\/04\/nya\/#primaryimage"},"thumbnailUrl":"https:\/\/www.wumingfoundation.com\/giap\/wp-content\/uploads\/2013\/04\/cecilia_paul_gideon.jpg","datePublished":"2013-04-30T06:00:40+00:00","dateModified":"2013-06-20T17:02:00+00:00","author":{"@id":"https:\/\/www.wumingfoundation.com\/giap\/#\/schema\/person\/881b1c925aaf48fe6eb5c3970be4458f"},"description":"Point Lenana esce oggi. In rete iniziano ad apparire commenti e recensioni. Segnaliamo\u00abPoint Lenana, le vette della razza\u00bb, di Luca Barbieri","breadcrumb":{"@id":"https:\/\/www.wumingfoundation.com\/giap\/2013\/04\/nya\/#breadcrumb"},"inLanguage":"it-IT","potentialAction":[{"@type":"ReadAction","target":["https:\/\/www.wumingfoundation.com\/giap\/2013\/04\/nya\/"]}]},{"@type":"ImageObject","inLanguage":"it-IT","@id":"https:\/\/www.wumingfoundation.com\/giap\/2013\/04\/nya\/#primaryimage","url":"https:\/\/www.wumingfoundation.com\/giap\/wp-content\/uploads\/2013\/04\/cecilia_paul_gideon.jpg","contentUrl":"https:\/\/www.wumingfoundation.com\/giap\/wp-content\/uploads\/2013\/04\/cecilia_paul_gideon.jpg","width":500,"height":375,"caption":"Cecilia, Paul e Gideon, alba del 27 gennaio 2010, Punta Lenana del Monte Kenya"},{"@type":"BreadcrumbList","@id":"https:\/\/www.wumingfoundation.com\/giap\/2013\/04\/nya\/#breadcrumb","itemListElement":[{"@type":"ListItem","position":1,"name":"Home","item":"https:\/\/www.wumingfoundation.com\/giap\/"},{"@type":"ListItem","position":2,"name":"Oggi esce \u00abPoint Lenana\u00bb. Prime recensioni e un&#8217;anteprima dal libro"}]},{"@type":"WebSite","@id":"https:\/\/www.wumingfoundation.com\/giap\/#website","url":"https:\/\/www.wumingfoundation.com\/giap\/","name":"Giap","description":"Il sito ufficiale di Wu Ming, collettivo di scrittori","potentialAction":[{"@type":"SearchAction","target":{"@type":"EntryPoint","urlTemplate":"https:\/\/www.wumingfoundation.com\/giap\/?s={search_term_string}"},"query-input":{"@type":"PropertyValueSpecification","valueRequired":true,"valueName":"search_term_string"}}],"inLanguage":"it-IT"},{"@type":"Person","@id":"https:\/\/www.wumingfoundation.com\/giap\/#\/schema\/person\/881b1c925aaf48fe6eb5c3970be4458f","name":"Wu Ming","image":{"@type":"ImageObject","inLanguage":"it-IT","@id":"https:\/\/secure.gravatar.com\/avatar\/1f49001124f0d5b3aeb1d387dbd89e7b48de4c5c15539460ec1c154566c1723c?s=96&d=blank&r=g","url":"https:\/\/secure.gravatar.com\/avatar\/1f49001124f0d5b3aeb1d387dbd89e7b48de4c5c15539460ec1c154566c1723c?s=96&d=blank&r=g","contentUrl":"https:\/\/secure.gravatar.com\/avatar\/1f49001124f0d5b3aeb1d387dbd89e7b48de4c5c15539460ec1c154566c1723c?s=96&d=blank&r=g","caption":"Wu Ming"}}]}},"_links":{"self":[{"href":"https:\/\/www.wumingfoundation.com\/giap\/wp-json\/wp\/v2\/posts\/12873","targetHints":{"allow":["GET"]}}],"collection":[{"href":"https:\/\/www.wumingfoundation.com\/giap\/wp-json\/wp\/v2\/posts"}],"about":[{"href":"https:\/\/www.wumingfoundation.com\/giap\/wp-json\/wp\/v2\/types\/post"}],"author":[{"embeddable":true,"href":"https:\/\/www.wumingfoundation.com\/giap\/wp-json\/wp\/v2\/users\/1"}],"replies":[{"embeddable":true,"href":"https:\/\/www.wumingfoundation.com\/giap\/wp-json\/wp\/v2\/comments?post=12873"}],"version-history":[{"count":0,"href":"https:\/\/www.wumingfoundation.com\/giap\/wp-json\/wp\/v2\/posts\/12873\/revisions"}],"wp:featuredmedia":[{"embeddable":true,"href":"https:\/\/www.wumingfoundation.com\/giap\/wp-json\/wp\/v2\/media\/12877"}],"wp:attachment":[{"href":"https:\/\/www.wumingfoundation.com\/giap\/wp-json\/wp\/v2\/media?parent=12873"}],"wp:term":[{"taxonomy":"category","embeddable":true,"href":"https:\/\/www.wumingfoundation.com\/giap\/wp-json\/wp\/v2\/categories?post=12873"},{"taxonomy":"post_tag","embeddable":true,"href":"https:\/\/www.wumingfoundation.com\/giap\/wp-json\/wp\/v2\/tags?post=12873"}],"curies":[{"name":"wp","href":"https:\/\/api.w.org\/{rel}","templated":true}]}}