{"id":10044,"date":"2012-10-29T16:15:12","date_gmt":"2012-10-29T15:15:12","guid":{"rendered":"http:\/\/www.wumingfoundation.com\/giap\/?p=10044"},"modified":"2012-10-29T16:22:40","modified_gmt":"2012-10-29T15:22:40","slug":"futbologia-2012-il-filo-della-parola","status":"publish","type":"post","link":"https:\/\/www.wumingfoundation.com\/giap\/2012\/10\/futbologia-2012-il-filo-della-parola\/","title":{"rendered":"Il filo della parola F\u00fatbologia 2012 #Bologna"},"content":{"rendered":"<p><a href=\"http:\/\/www.wumingfoundation.com\/giap\/wp-content\/uploads\/2012\/10\/sao-giap.jpg\"><img loading=\"lazy\" decoding=\"async\" class=\"aligncenter size-full wp-image-10068\" title=\"S\u00e3o Pedrinho\" src=\"http:\/\/www.wumingfoundation.com\/giap\/wp-content\/uploads\/2012\/10\/sao-giap.jpg\" alt=\"foto di S\u00e3o Pedrinho\" width=\"560\" height=\"314\" \/><\/a><\/p>\n<p>Ok, allora ci proviamo. F\u00fatbologia, voglio dire.<\/p>\n<p>Certo, lo sapete, il crowdfunding \u00e8 andato <em>ad minchiam<\/em> (cit. prof. Scoglio), e si poteva pure immaginare, l\u2019asticella era alta, il disastro sociale, non c\u2019\u00e8 un euro, eccetera. Ecco, s\u00ec, tutta questa roba e anche altra. Per\u00f2 ci proviamo lo stesso, se possibile rilanciando anche un po\u2019, innanzitutto grazie alla grande tenacia tranquilla di Christiano (xho), e a un manipolo di amici e volontari che danno una mano ormai da tempo.<\/p>\n<p>Dunque F\u00fatbologia, sabato 3 novembre, gioca il calcio d\u2019inizio.<!--more--><\/p>\n<p>Inizieremo provando a svolgere, e a seguire almeno in parte, il filo della parola. La parola su e dentro il calcio. L\u2019evolvere, o regredire, nel corso dei decenni, del discorso sul calcio attraverso lo sguardo e il contributo dello storico <strong><a title=\"La scheda di John Foot su futbologia.org\" href=\"http:\/\/blog.futbologia.org\/2012\/06\/05\/john-foot\/\" target=\"_blank\">John Foot<\/a><\/strong>. Quindi una parola che guarda dall\u2019<strong>alto<\/strong> e da \u201c<strong>fuori<\/strong>\u201d il mondo del pallone italico e le sue vicende.<\/p>\n<p>Poi discuteremo della parola presa <strong>da dentro<\/strong> questo universo, le conseguenze che questo genera. Lo faremo grazie all\u2019aiuto imperdibile di <strong><a title=\"La scheda di Paolo Sollier su futbologia.org\" href=\"http:\/\/blog.futbologia.org\/2012\/06\/05\/paolo-sollier\/\" target=\"_blank\">Paolo Sollier<\/a><\/strong> e <strong><a title=\"La scheda di Valerio Mastandrea su futbologia.org\" href=\"http:\/\/blog.futbologia.org\/2012\/06\/04\/valerio-mastandrea\/\" target=\"_blank\">Valerio Mastandrea<\/a><\/strong>, che non smettiamo di ringraziare.<\/p>\n<p>Infine la parola mitica, il racconto leggendario, che \u00e8 parte integrante della popolarit\u00e0 del f\u00fatbol. La proiezione di un film a cavallo tra storia e letteratura, \u201c<a title=\"Il Mundial Dimenticato su Wikipedia\" href=\"http:\/\/it.wikipedia.org\/wiki\/Il_Mundial_dimenticato\" target=\"_blank\">Il Mundial Dimenticato<\/a>\u201d di <strong>Lorenzo Garzella<\/strong> e <strong>Filippo Macelloni<\/strong>.<\/p>\n<p>Insomma, d\u00e0i, si comincia, veniteci a trovare. E anche quelli che ancora volessero dare una mano a sostenere il costo della giornata saranno benvoluti e ringraziati.<\/p>\n<p>Finiremo la giornata insieme ai nostri amici e compagni di <strong><a title=\"Evento F\u00fatbologia su bartleby.info\" href=\"http:\/\/bartleby.info\/?p=2662\" target=\"_blank\">Bartleby<\/a><\/strong>, e su questo non c\u2019\u00e8 altro da aggiungere.<\/p>\n<p>Daje. Ci vediamo in <strong>Sala Borsa<\/strong>.<\/p>\n<p>L. \/ WM3<\/p>\n<p>&nbsp;<\/p>\n<h3>Programma<\/h3>\n<h4>Mattino<\/h4>\n<p>10.00\u00a0\u2013 Ingresso pubblico, introduzione a cura dell\u2019Associazione F\u00fatbologia, con <strong>Luca di Meo<\/strong> (Wu Ming 3) e <strong>Christiano Presutti<\/strong> (xho)<br \/>\n11.30\u00a0\u2013 con <strong>John Foot<\/strong>, la genesi di \u201cCalcio\u201d, storia ed evoluzione della scrittura sul Calcio in Italia e all\u2019estero (e domande dal pubblico a seguire)<\/p>\n<h4>Pomeriggio<\/h4>\n<p>14.30 \u2013\u00a0<strong>Valerio Mastandrea<\/strong> intervista <strong>Paolo Sollier<\/strong> (e dibattito a seguire)<br \/>\n16.00 \u2013 Proiezione de \u201cIl Mundial Dimenticato \u2013 La vera incredibile storia dei Mondiali di Patagonia\u201d, un film di <strong>Lorenzo Garzella<\/strong> e <strong>Filippo Macelloni<\/strong> (con autori in sala)<br \/>\n18.30 \u2013 Chiusura convegno e trasferimento al <strong>Bartleby<\/strong><br \/>\n19:30 \u2013 Al Bartleby, presentazione del film e dibattito con <strong>Lorenzo Garzella<\/strong> e <strong>Filippo Macelloni<\/strong><\/p>\n<h4>Sera<\/h4>\n<p>22.30 \u2014 Festa di chiusura presso Bartleby. Bar sport con northern soul e altre musiche f\u00fatbologiche con dj <strong>Wu Ming 5<\/strong><\/p>\n<p>&nbsp;<\/p>\n<h4>Luoghi<\/h4>\n<p><strong>Auditorum Enzo Biagi<\/strong>, Biblioteca Salaborsa, Bologna<br \/>\nPiazza Nettuno, 3<br \/>\nBologna<br \/>\n<a title=\"Evento sul sito della Biblioteca Salaborsa\" href=\"http:\/\/www.bibliotecasalaborsa.it\/eventi\/23522\" target=\"_blank\"> bibliotecasalaborsa.it<\/a><\/p>\n<p><strong>Bartleby<\/strong><br \/>\nVia S. Petronio Vecchio 30\/A<br \/>\nBologna<br \/>\n<a title=\"Sito Web di Bartleby\" href=\"http:\/\/bartleby.info\" target=\"_blank\"> bartleby.info<\/a><\/p>\n<p>I luoghi <a title=\"Luoghi di F\u00fatbologia su Google Maps\" href=\"http:\/\/goo.gl\/maps\/rNC2u\" target=\"_blank\">su Google maps<\/a>.<br \/>\nL\u2019evento <a title=\"Evento F\u00fatbologia su Facebook\" href=\"https:\/\/www.facebook.com\/events\/224536204343429\/\" target=\"_blank\">su Facebook<\/a>.<\/p>\n<p>&nbsp;<\/p>\n<h4>Conferenza stampa<\/h4>\n<p>Il 31 Ottobre ore 12.00 con Alberto <strong>Ronchi<\/strong> (Assessore Cultura, Politiche Giovanili e Rapporti con l\u2019Universit\u00e0) e Luca <strong>Rizzo Nervo<\/strong> (Sanit\u00e0 e Integrazione Socio-Sanitaria, Sport e Coordinamento Quartieri) in Sala Savonuzzi di Palazzo D\u2019Accursio, Piazza Maggiore, Bologna.<\/p>\n<p>&nbsp;<\/p>\n<h4>Siti e social<\/h4>\n<p>\u2022 <a title=\"Sito Web F\u00fatbologia\" href=\"http:\/\/www.futbologia.org\" target=\"_blank\">www.futbologia.org<\/a> e <a title=\"Il blog di F\u00fatbologia\" href=\"http:\/\/blog.futbologia.org\">blog.futbologia.org<br \/>\n<\/a>\u2022\u00a0<a title=\"F\u00fatbologia su Twitter\" href=\"https:\/\/twitter.com\/futbologiaorg\">futbologiaorg @ Twitter<br \/>\n<\/a>\u2022\u00a0<a title=\"F\u00fatbologia su facebook\" href=\"https:\/\/www.facebook.com\/pages\/F%C3%BAtbologia\/148507365282977\">futbologiaorg @ Facebook<\/a><\/p>\n<p>&nbsp;<\/p>\n","protected":false},"excerpt":{"rendered":"Ok, allora ci proviamo. F\u00fatbologia, voglio dire. Certo, lo sapete, il crowdfunding \u00e8 andato ad minchiam (cit. prof. Scoglio), e si poteva pure immaginare, l\u2019asticella era alta, il disastro sociale, non c\u2019\u00e8 un euro, eccetera. Ecco, s\u00ec, tutta questa roba e anche altra. Per\u00f2 ci proviamo lo stesso, se possibile rilanciando anche un po\u2019, innanzitutto [&hellip;]","protected":false},"author":117,"featured_media":10068,"comment_status":"closed","ping_status":"open","sticky":false,"template":"","format":"standard","meta":{"footnotes":""},"categories":[6],"tags":[717,142,470,1481,1591,1519],"class_list":["post-10044","post","type-post","status-publish","format-standard","has-post-thumbnail","hentry","category-news-e-segnalazioni","tag-bartleby","tag-bologna","tag-calcio","tag-futbologia","tag-john-foot","tag-valerio-mastandrea"],"yoast_head":"<!-- This site is optimized with the Yoast SEO plugin v27.4 - https:\/\/yoast.com\/product\/yoast-seo-wordpress\/ -->\n<title>Il filo della parola @F\u00fatbologia2012<\/title>\n<meta name=\"description\" content=\"Ok, allora ci proviamo. F\u00fatbologia, voglio dire.\" \/>\n<meta name=\"robots\" content=\"index, follow, max-snippet:-1, max-image-preview:large, max-video-preview:-1\" \/>\n<link rel=\"canonical\" href=\"https:\/\/www.wumingfoundation.com\/giap\/2012\/10\/futbologia-2012-il-filo-della-parola\/\" \/>\n<meta property=\"og:locale\" content=\"it_IT\" \/>\n<meta property=\"og:type\" content=\"article\" \/>\n<meta property=\"og:title\" content=\"Il filo della parola @F\u00fatbologia2012\" \/>\n<meta property=\"og:description\" content=\"Ok, allora ci proviamo. F\u00fatbologia, voglio dire.\" \/>\n<meta property=\"og:url\" content=\"https:\/\/www.wumingfoundation.com\/giap\/2012\/10\/futbologia-2012-il-filo-della-parola\/\" \/>\n<meta property=\"og:site_name\" content=\"Giap\" \/>\n<meta property=\"article:published_time\" content=\"2012-10-29T15:15:12+00:00\" \/>\n<meta property=\"article:modified_time\" content=\"2012-10-29T15:22:40+00:00\" \/>\n<meta property=\"og:image\" content=\"https:\/\/www.wumingfoundation.com\/giap\/wp-content\/uploads\/2012\/10\/sao-giap.jpg\" \/>\n\t<meta property=\"og:image:width\" content=\"560\" \/>\n\t<meta property=\"og:image:height\" content=\"314\" \/>\n\t<meta property=\"og:image:type\" content=\"image\/jpeg\" \/>\n<meta name=\"author\" content=\"Wu Ming\" \/>\n<meta name=\"twitter:card\" content=\"summary_large_image\" \/>\n<meta name=\"twitter:creator\" content=\"@Wu_Ming_Foundt\" \/>\n<meta name=\"twitter:site\" content=\"@Wu_Ming_Foundt\" \/>\n<meta name=\"twitter:label1\" content=\"Scritto da\" \/>\n\t<meta name=\"twitter:data1\" content=\"Wu Ming\" \/>\n\t<meta name=\"twitter:label2\" content=\"Tempo di lettura stimato\" \/>\n\t<meta name=\"twitter:data2\" content=\"2 minuti\" \/>\n<script type=\"application\/ld+json\" class=\"yoast-schema-graph\">{\"@context\":\"https:\\\/\\\/schema.org\",\"@graph\":[{\"@type\":\"Article\",\"@id\":\"https:\\\/\\\/www.wumingfoundation.com\\\/giap\\\/2012\\\/10\\\/futbologia-2012-il-filo-della-parola\\\/#article\",\"isPartOf\":{\"@id\":\"https:\\\/\\\/www.wumingfoundation.com\\\/giap\\\/2012\\\/10\\\/futbologia-2012-il-filo-della-parola\\\/\"},\"author\":{\"name\":\"Wu Ming\",\"@id\":\"https:\\\/\\\/www.wumingfoundation.com\\\/giap\\\/#\\\/schema\\\/person\\\/a509f199077421552871a4cf2a327499\"},\"headline\":\"Il filo della parola F\u00fatbologia 2012 #Bologna\",\"datePublished\":\"2012-10-29T15:15:12+00:00\",\"dateModified\":\"2012-10-29T15:22:40+00:00\",\"mainEntityOfPage\":{\"@id\":\"https:\\\/\\\/www.wumingfoundation.com\\\/giap\\\/2012\\\/10\\\/futbologia-2012-il-filo-della-parola\\\/\"},\"wordCount\":486,\"image\":{\"@id\":\"https:\\\/\\\/www.wumingfoundation.com\\\/giap\\\/2012\\\/10\\\/futbologia-2012-il-filo-della-parola\\\/#primaryimage\"},\"thumbnailUrl\":\"https:\\\/\\\/www.wumingfoundation.com\\\/giap\\\/wp-content\\\/uploads\\\/2012\\\/10\\\/sao-giap.jpg\",\"keywords\":[\"Bartleby\",\"Bologna\",\"calcio\",\"Futbologia\",\"John Foot\",\"Valerio Mastandrea\"],\"articleSection\":[\"Notizie\"],\"inLanguage\":\"it-IT\"},{\"@type\":\"WebPage\",\"@id\":\"https:\\\/\\\/www.wumingfoundation.com\\\/giap\\\/2012\\\/10\\\/futbologia-2012-il-filo-della-parola\\\/\",\"url\":\"https:\\\/\\\/www.wumingfoundation.com\\\/giap\\\/2012\\\/10\\\/futbologia-2012-il-filo-della-parola\\\/\",\"name\":\"Il filo della parola @F\u00fatbologia2012\",\"isPartOf\":{\"@id\":\"https:\\\/\\\/www.wumingfoundation.com\\\/giap\\\/#website\"},\"primaryImageOfPage\":{\"@id\":\"https:\\\/\\\/www.wumingfoundation.com\\\/giap\\\/2012\\\/10\\\/futbologia-2012-il-filo-della-parola\\\/#primaryimage\"},\"image\":{\"@id\":\"https:\\\/\\\/www.wumingfoundation.com\\\/giap\\\/2012\\\/10\\\/futbologia-2012-il-filo-della-parola\\\/#primaryimage\"},\"thumbnailUrl\":\"https:\\\/\\\/www.wumingfoundation.com\\\/giap\\\/wp-content\\\/uploads\\\/2012\\\/10\\\/sao-giap.jpg\",\"datePublished\":\"2012-10-29T15:15:12+00:00\",\"dateModified\":\"2012-10-29T15:22:40+00:00\",\"author\":{\"@id\":\"https:\\\/\\\/www.wumingfoundation.com\\\/giap\\\/#\\\/schema\\\/person\\\/a509f199077421552871a4cf2a327499\"},\"description\":\"Ok, allora ci proviamo. F\u00fatbologia, voglio dire.\",\"breadcrumb\":{\"@id\":\"https:\\\/\\\/www.wumingfoundation.com\\\/giap\\\/2012\\\/10\\\/futbologia-2012-il-filo-della-parola\\\/#breadcrumb\"},\"inLanguage\":\"it-IT\",\"potentialAction\":[{\"@type\":\"ReadAction\",\"target\":[\"https:\\\/\\\/www.wumingfoundation.com\\\/giap\\\/2012\\\/10\\\/futbologia-2012-il-filo-della-parola\\\/\"]}]},{\"@type\":\"ImageObject\",\"inLanguage\":\"it-IT\",\"@id\":\"https:\\\/\\\/www.wumingfoundation.com\\\/giap\\\/2012\\\/10\\\/futbologia-2012-il-filo-della-parola\\\/#primaryimage\",\"url\":\"https:\\\/\\\/www.wumingfoundation.com\\\/giap\\\/wp-content\\\/uploads\\\/2012\\\/10\\\/sao-giap.jpg\",\"contentUrl\":\"https:\\\/\\\/www.wumingfoundation.com\\\/giap\\\/wp-content\\\/uploads\\\/2012\\\/10\\\/sao-giap.jpg\",\"width\":560,\"height\":314,\"caption\":\"foto di S\u00e3o Pedrinho\"},{\"@type\":\"BreadcrumbList\",\"@id\":\"https:\\\/\\\/www.wumingfoundation.com\\\/giap\\\/2012\\\/10\\\/futbologia-2012-il-filo-della-parola\\\/#breadcrumb\",\"itemListElement\":[{\"@type\":\"ListItem\",\"position\":1,\"name\":\"Home\",\"item\":\"https:\\\/\\\/www.wumingfoundation.com\\\/giap\\\/\"},{\"@type\":\"ListItem\",\"position\":2,\"name\":\"Il filo della parola F\u00fatbologia 2012 #Bologna\"}]},{\"@type\":\"WebSite\",\"@id\":\"https:\\\/\\\/www.wumingfoundation.com\\\/giap\\\/#website\",\"url\":\"https:\\\/\\\/www.wumingfoundation.com\\\/giap\\\/\",\"name\":\"Giap\",\"description\":\"Il sito ufficiale di Wu Ming, collettivo di scrittori\",\"potentialAction\":[{\"@type\":\"SearchAction\",\"target\":{\"@type\":\"EntryPoint\",\"urlTemplate\":\"https:\\\/\\\/www.wumingfoundation.com\\\/giap\\\/?s={search_term_string}\"},\"query-input\":{\"@type\":\"PropertyValueSpecification\",\"valueRequired\":true,\"valueName\":\"search_term_string\"}}],\"inLanguage\":\"it-IT\"},{\"@type\":\"Person\",\"@id\":\"https:\\\/\\\/www.wumingfoundation.com\\\/giap\\\/#\\\/schema\\\/person\\\/a509f199077421552871a4cf2a327499\",\"name\":\"Wu Ming\",\"image\":{\"@type\":\"ImageObject\",\"inLanguage\":\"it-IT\",\"@id\":\"https:\\\/\\\/secure.gravatar.com\\\/avatar\\\/1aa2417cb55b3a8bd4988fca42ea7ef75c86ef8bb0ea1bf9102119b6d11c6238?s=96&d=blank&r=g\",\"url\":\"https:\\\/\\\/secure.gravatar.com\\\/avatar\\\/1aa2417cb55b3a8bd4988fca42ea7ef75c86ef8bb0ea1bf9102119b6d11c6238?s=96&d=blank&r=g\",\"contentUrl\":\"https:\\\/\\\/secure.gravatar.com\\\/avatar\\\/1aa2417cb55b3a8bd4988fca42ea7ef75c86ef8bb0ea1bf9102119b6d11c6238?s=96&d=blank&r=g\",\"caption\":\"Wu Ming\"}}]}<\/script>\n<!-- \/ Yoast SEO plugin. -->","yoast_head_json":{"title":"Il filo della parola @F\u00fatbologia2012","description":"Ok, allora ci proviamo. F\u00fatbologia, voglio dire.","robots":{"index":"index","follow":"follow","max-snippet":"max-snippet:-1","max-image-preview":"max-image-preview:large","max-video-preview":"max-video-preview:-1"},"canonical":"https:\/\/www.wumingfoundation.com\/giap\/2012\/10\/futbologia-2012-il-filo-della-parola\/","og_locale":"it_IT","og_type":"article","og_title":"Il filo della parola @F\u00fatbologia2012","og_description":"Ok, allora ci proviamo. F\u00fatbologia, voglio dire.","og_url":"https:\/\/www.wumingfoundation.com\/giap\/2012\/10\/futbologia-2012-il-filo-della-parola\/","og_site_name":"Giap","article_published_time":"2012-10-29T15:15:12+00:00","article_modified_time":"2012-10-29T15:22:40+00:00","og_image":[{"width":560,"height":314,"url":"https:\/\/www.wumingfoundation.com\/giap\/wp-content\/uploads\/2012\/10\/sao-giap.jpg","type":"image\/jpeg"}],"author":"Wu Ming","twitter_card":"summary_large_image","twitter_creator":"@Wu_Ming_Foundt","twitter_site":"@Wu_Ming_Foundt","twitter_misc":{"Scritto da":"Wu Ming","Tempo di lettura stimato":"2 minuti"},"schema":{"@context":"https:\/\/schema.org","@graph":[{"@type":"Article","@id":"https:\/\/www.wumingfoundation.com\/giap\/2012\/10\/futbologia-2012-il-filo-della-parola\/#article","isPartOf":{"@id":"https:\/\/www.wumingfoundation.com\/giap\/2012\/10\/futbologia-2012-il-filo-della-parola\/"},"author":{"name":"Wu Ming","@id":"https:\/\/www.wumingfoundation.com\/giap\/#\/schema\/person\/a509f199077421552871a4cf2a327499"},"headline":"Il filo della parola F\u00fatbologia 2012 #Bologna","datePublished":"2012-10-29T15:15:12+00:00","dateModified":"2012-10-29T15:22:40+00:00","mainEntityOfPage":{"@id":"https:\/\/www.wumingfoundation.com\/giap\/2012\/10\/futbologia-2012-il-filo-della-parola\/"},"wordCount":486,"image":{"@id":"https:\/\/www.wumingfoundation.com\/giap\/2012\/10\/futbologia-2012-il-filo-della-parola\/#primaryimage"},"thumbnailUrl":"https:\/\/www.wumingfoundation.com\/giap\/wp-content\/uploads\/2012\/10\/sao-giap.jpg","keywords":["Bartleby","Bologna","calcio","Futbologia","John Foot","Valerio Mastandrea"],"articleSection":["Notizie"],"inLanguage":"it-IT"},{"@type":"WebPage","@id":"https:\/\/www.wumingfoundation.com\/giap\/2012\/10\/futbologia-2012-il-filo-della-parola\/","url":"https:\/\/www.wumingfoundation.com\/giap\/2012\/10\/futbologia-2012-il-filo-della-parola\/","name":"Il filo della parola @F\u00fatbologia2012","isPartOf":{"@id":"https:\/\/www.wumingfoundation.com\/giap\/#website"},"primaryImageOfPage":{"@id":"https:\/\/www.wumingfoundation.com\/giap\/2012\/10\/futbologia-2012-il-filo-della-parola\/#primaryimage"},"image":{"@id":"https:\/\/www.wumingfoundation.com\/giap\/2012\/10\/futbologia-2012-il-filo-della-parola\/#primaryimage"},"thumbnailUrl":"https:\/\/www.wumingfoundation.com\/giap\/wp-content\/uploads\/2012\/10\/sao-giap.jpg","datePublished":"2012-10-29T15:15:12+00:00","dateModified":"2012-10-29T15:22:40+00:00","author":{"@id":"https:\/\/www.wumingfoundation.com\/giap\/#\/schema\/person\/a509f199077421552871a4cf2a327499"},"description":"Ok, allora ci proviamo. F\u00fatbologia, voglio dire.","breadcrumb":{"@id":"https:\/\/www.wumingfoundation.com\/giap\/2012\/10\/futbologia-2012-il-filo-della-parola\/#breadcrumb"},"inLanguage":"it-IT","potentialAction":[{"@type":"ReadAction","target":["https:\/\/www.wumingfoundation.com\/giap\/2012\/10\/futbologia-2012-il-filo-della-parola\/"]}]},{"@type":"ImageObject","inLanguage":"it-IT","@id":"https:\/\/www.wumingfoundation.com\/giap\/2012\/10\/futbologia-2012-il-filo-della-parola\/#primaryimage","url":"https:\/\/www.wumingfoundation.com\/giap\/wp-content\/uploads\/2012\/10\/sao-giap.jpg","contentUrl":"https:\/\/www.wumingfoundation.com\/giap\/wp-content\/uploads\/2012\/10\/sao-giap.jpg","width":560,"height":314,"caption":"foto di S\u00e3o Pedrinho"},{"@type":"BreadcrumbList","@id":"https:\/\/www.wumingfoundation.com\/giap\/2012\/10\/futbologia-2012-il-filo-della-parola\/#breadcrumb","itemListElement":[{"@type":"ListItem","position":1,"name":"Home","item":"https:\/\/www.wumingfoundation.com\/giap\/"},{"@type":"ListItem","position":2,"name":"Il filo della parola F\u00fatbologia 2012 #Bologna"}]},{"@type":"WebSite","@id":"https:\/\/www.wumingfoundation.com\/giap\/#website","url":"https:\/\/www.wumingfoundation.com\/giap\/","name":"Giap","description":"Il sito ufficiale di Wu Ming, collettivo di scrittori","potentialAction":[{"@type":"SearchAction","target":{"@type":"EntryPoint","urlTemplate":"https:\/\/www.wumingfoundation.com\/giap\/?s={search_term_string}"},"query-input":{"@type":"PropertyValueSpecification","valueRequired":true,"valueName":"search_term_string"}}],"inLanguage":"it-IT"},{"@type":"Person","@id":"https:\/\/www.wumingfoundation.com\/giap\/#\/schema\/person\/a509f199077421552871a4cf2a327499","name":"Wu Ming","image":{"@type":"ImageObject","inLanguage":"it-IT","@id":"https:\/\/secure.gravatar.com\/avatar\/1aa2417cb55b3a8bd4988fca42ea7ef75c86ef8bb0ea1bf9102119b6d11c6238?s=96&d=blank&r=g","url":"https:\/\/secure.gravatar.com\/avatar\/1aa2417cb55b3a8bd4988fca42ea7ef75c86ef8bb0ea1bf9102119b6d11c6238?s=96&d=blank&r=g","contentUrl":"https:\/\/secure.gravatar.com\/avatar\/1aa2417cb55b3a8bd4988fca42ea7ef75c86ef8bb0ea1bf9102119b6d11c6238?s=96&d=blank&r=g","caption":"Wu Ming"}}]}},"_links":{"self":[{"href":"https:\/\/www.wumingfoundation.com\/giap\/wp-json\/wp\/v2\/posts\/10044","targetHints":{"allow":["GET"]}}],"collection":[{"href":"https:\/\/www.wumingfoundation.com\/giap\/wp-json\/wp\/v2\/posts"}],"about":[{"href":"https:\/\/www.wumingfoundation.com\/giap\/wp-json\/wp\/v2\/types\/post"}],"author":[{"embeddable":true,"href":"https:\/\/www.wumingfoundation.com\/giap\/wp-json\/wp\/v2\/users\/117"}],"replies":[{"embeddable":true,"href":"https:\/\/www.wumingfoundation.com\/giap\/wp-json\/wp\/v2\/comments?post=10044"}],"version-history":[{"count":0,"href":"https:\/\/www.wumingfoundation.com\/giap\/wp-json\/wp\/v2\/posts\/10044\/revisions"}],"wp:featuredmedia":[{"embeddable":true,"href":"https:\/\/www.wumingfoundation.com\/giap\/wp-json\/wp\/v2\/media\/10068"}],"wp:attachment":[{"href":"https:\/\/www.wumingfoundation.com\/giap\/wp-json\/wp\/v2\/media?parent=10044"}],"wp:term":[{"taxonomy":"category","embeddable":true,"href":"https:\/\/www.wumingfoundation.com\/giap\/wp-json\/wp\/v2\/categories?post=10044"},{"taxonomy":"post_tag","embeddable":true,"href":"https:\/\/www.wumingfoundation.com\/giap\/wp-json\/wp\/v2\/tags?post=10044"}],"curies":[{"name":"wp","href":"https:\/\/api.w.org\/{rel}","templated":true}]}}